{"id":12238,"date":"2025-01-25T10:52:47","date_gmt":"2025-01-25T07:52:47","guid":{"rendered":"https:\/\/www.egemtv.com\/?p=12238"},"modified":"2025-01-25T10:52:49","modified_gmt":"2025-01-25T07:52:49","slug":"kutahya-obmde-249-personele-orman-zararlilariyla-mucadele-egitimi-verildi","status":"publish","type":"post","link":"https:\/\/www.egemtv.com\/?p=12238","title":{"rendered":"K\u00fctahya OBM\u2019de 249 personele orman zararl\u0131lar\u0131yla m\u00fccadele e\u011fitimi verildi"},"content":{"rendered":"<p>K\u00fctahya Orman B\u00f6lge M\u00fcd\u00fcrl\u00fc\u011f\u00fcnce \u0130\u015fletme M\u00fcd\u00fcrleri, i\u015fletme m\u00fcd\u00fcr yard\u0131mc\u0131lar\u0131, i\u015fletme \u015fefleri ve orman muhafaza memurlar\u0131 olmak \u00fczere toplam 249 personele orman zararl\u0131lar\u0131yla m\u00fccadele e\u011fitimi verildi\u011fi bildirildi.<br \/>\n<br \/>Orman \u0130\u015fletme M\u00fcd\u00fcrl\u00fcklerinde Orman B\u00f6lge M\u00fcd\u00fcr Yard\u0131mc\u0131s\u0131 Taner Ni\u015fanc\u0131 koordinat\u00f6rl\u00fc\u011f\u00fcnde Orman Zararl\u0131lar\u0131yla M\u00fccadele \u015eube M\u00fcd\u00fcr\u00fc G. Volkan And\u0131\u00e7, \u015eube M\u00fchendisi Abdullah Berbero ve B\u00f6lge M\u00fcd\u00fcrl\u00fc\u011f\u00fc Avukat\u0131 Selin Talay \u00c7o\u015fkun taraf\u0131ndan \u0130\u015fletme M\u00fcd\u00fcrleri, \u0130\u015fletme M\u00fcd\u00fcr Yard\u0131mc\u0131lar\u0131, \u0130\u015fletme \u015eefleri ve Orman Muhafaza Memurlar\u0131 olmak \u00fczere toplam 249 personele e\u011fitim verildi.<br \/>\n<br \/>E\u011fitimde Elektronik Ta\u015f\u0131ma Belgesi (ETB), Damga Y\u00f6netmeli\u011fi, Nakliye Y\u00f6netmeli\u011fi,  Ormanlar\u0131n Korunmas\u0131 ve Hukuki i\u015f ve i\u015flemler ba\u015fta olmak \u00fczere ilgili mevzuat i\u00e7eri\u011fi hakk\u0131nda sunumlar yap\u0131ld\u0131<br \/><\/p>\n","protected":false},"excerpt":{"rendered":"<p>K\u00fctahya Orman B\u00f6lge M\u00fcd\u00fcrl\u00fc\u011f\u00fcnce \u0130\u015fletme M\u00fcd\u00fcrleri, i\u015fletme m\u00fcd\u00fcr yard\u0131mc\u0131lar\u0131, i\u015fletme \u015fefleri ve orman muhafaza memurlar\u0131 olmak \u00fczere toplam 249 personele orman zararl\u0131lar\u0131yla m\u00fccadele e\u011fitimi verildi\u011fi bildirildi. Orman \u0130\u015fletme M\u00fcd\u00fcrl\u00fcklerinde Orman B\u00f6lge M\u00fcd\u00fcr Yard\u0131mc\u0131s\u0131 Taner Ni\u015fanc\u0131 koordinat\u00f6rl\u00fc\u011f\u00fcnde Orman Zararl\u0131lar\u0131yla M\u00fccadele \u015eube M\u00fcd\u00fcr\u00fc G. Volkan And\u0131\u00e7, \u015eube M\u00fchendisi Abdullah Berbero ve B\u00f6lge M\u00fcd\u00fcrl\u00fc\u011f\u00fc Avukat\u0131 Selin Talay \u00c7o\u015fkun&#8230;<\/p>\n","protected":false},"author":1,"featured_media":12239,"comment_status":"open","ping_status":"open","sticky":false,"template":"","format":"standard","meta":{"_crdt_document":"","footnotes":""},"categories":[1],"tags":[],"class_list":["post-12238","post","type-post","status-publish","format-standard","has-post-thumbnail","hentry","category-guncel"],"_links":{"self":[{"href":"https:\/\/www.egemtv.com\/index.php?rest_route=\/wp\/v2\/posts\/12238","targetHints":{"allow":["GET"]}}],"collection":[{"href":"https:\/\/www.egemtv.com\/index.php?rest_route=\/wp\/v2\/posts"}],"about":[{"href":"https:\/\/www.egemtv.com\/index.php?rest_route=\/wp\/v2\/types\/post"}],"author":[{"embeddable":true,"href":"https:\/\/www.egemtv.com\/index.php?rest_route=\/wp\/v2\/users\/1"}],"replies":[{"embeddable":true,"href":"https:\/\/www.egemtv.com\/index.php?rest_route=%2Fwp%2Fv2%2Fcomments&post=12238"}],"version-history":[{"count":1,"href":"https:\/\/www.egemtv.com\/index.php?rest_route=\/wp\/v2\/posts\/12238\/revisions"}],"predecessor-version":[{"id":12240,"href":"https:\/\/www.egemtv.com\/index.php?rest_route=\/wp\/v2\/posts\/12238\/revisions\/12240"}],"wp:featuredmedia":[{"embeddable":true,"href":"https:\/\/www.egemtv.com\/index.php?rest_route=\/wp\/v2\/media\/12239"}],"wp:attachment":[{"href":"https:\/\/www.egemtv.com\/index.php?rest_route=%2Fwp%2Fv2%2Fmedia&parent=12238"}],"wp:term":[{"taxonomy":"category","embeddable":true,"href":"https:\/\/www.egemtv.com\/index.php?rest_route=%2Fwp%2Fv2%2Fcategories&post=12238"},{"taxonomy":"post_tag","embeddable":true,"href":"https:\/\/www.egemtv.com\/index.php?rest_route=%2Fwp%2Fv2%2Ftags&post=12238"}],"curies":[{"name":"wp","href":"https:\/\/api.w.org\/{rel}","templated":true}]}}