{"id":12211,"date":"2025-01-25T09:16:08","date_gmt":"2025-01-25T06:16:08","guid":{"rendered":"https:\/\/www.egemtv.com\/?p=12211"},"modified":"2025-01-25T09:16:10","modified_gmt":"2025-01-25T06:16:10","slug":"baskan-celik-bozkurt-ilcemizden-milli-jimnastikcilerin-cikacagina-inancimiz-tam","status":"publish","type":"post","link":"https:\/\/www.egemtv.com\/?p=12211","title":{"rendered":"Ba\u015fkan \u00c7elik; \u201cBozkurt il\u00e7emizden milli jimnastik\u00e7ilerin \u00e7\u0131kaca\u011f\u0131na inanc\u0131m\u0131z tam\u201d"},"content":{"rendered":"<p>Denizli\u2019nin Bozkurt Belediyesi Ba\u015fkan\u0131 Birsen \u00c7elik, Sanat Merkezindeki minik kursiyerlerin temel jimnastik derslerini takip etti. Minik kursiyerlerle e\u011flenceli vakit ge\u00e7iren Ba\u015fkan \u00c7elik, \u201cMinik kursiyerlerimizin yetenekleri ve sergiledikleri performanslar bizleri \u00e7ok mutlu etti. \u0130l\u00e7emizden milli jimnastik\u00e7iler \u00e7\u0131kaca\u011f\u0131na inanc\u0131m\u0131z tam\u201d dedi.<\/p>\n<p>Bozkurt Belediyesi, \u00e7ocuklar\u0131n geli\u015fimi i\u00e7in \u00e7al\u0131\u015fmalar\u0131 h\u0131z kesmeden devam ediyor. Bozkurt Belediyesi\u2019nde bulunan Sanat Merkezi\u2019ndeki jimnastik e\u011fitim miniklerin yo\u011fun ilgisi ile devam ediyor. Bozkurt Belediyesi Sanat Merkezi\u2019ne ziyaret eden Ba\u015fkan Birsen \u00c7elik, minik kursiyerlerle e\u011flenceli vakitler ge\u00e7irdi. Ayn\u0131 zamanda minik kursiyerlerin temel jimnastik derslerini takip eden Ba\u015fkan \u00c7elik, \u00e7ocuklar\u0131n sergiledikleri performanslar\u0131ndan dolay\u0131 mutlu oldu\u011funu ifade etti.<\/p>\n<p>\u201cBozkurt il\u00e7emizden milli jimnastik\u00e7ilerin \u00e7\u0131kaca\u011f\u0131na inanc\u0131m\u0131z tam\u201d<br \/>\n<br \/>Minik kursiyerlerin temel jimnastik derslerini takip etti\u011fini ve Bozkurt il\u00e7esinden milli jimnastik\u00e7ilerin \u00e7\u0131kaca\u011f\u0131 konusunda inanc\u0131n\u0131n tam oldu\u011funu belirten Bozkurt Belediye Ba\u015fkan\u0131 Birsen \u00c7elik, \u201cBozkurt Belediyesi Sanat Merkezimizi ziyaret ederek minik kursiyerlerimizin temel jimnastik derslerini takip ettik. Yetenekleri ve sergiledikleri performanslar bizleri \u00e7ok mutlu etti. \u0130l\u00e7emizden milli jimnastik\u00e7iler \u00e7\u0131kaca\u011f\u0131na inanc\u0131m\u0131z tam. Eme\u011fi ge\u00e7en herkese te\u015fekk\u00fcr ederim\u201d dedi.<br \/><\/p>\n","protected":false},"excerpt":{"rendered":"<p>Denizli\u2019nin Bozkurt Belediyesi Ba\u015fkan\u0131 Birsen \u00c7elik, Sanat Merkezindeki minik kursiyerlerin temel jimnastik derslerini takip etti. Minik kursiyerlerle e\u011flenceli vakit ge\u00e7iren Ba\u015fkan \u00c7elik, \u201cMinik kursiyerlerimizin yetenekleri ve sergiledikleri performanslar bizleri \u00e7ok mutlu etti. \u0130l\u00e7emizden milli jimnastik\u00e7iler \u00e7\u0131kaca\u011f\u0131na inanc\u0131m\u0131z tam\u201d dedi. Bozkurt Belediyesi, \u00e7ocuklar\u0131n geli\u015fimi i\u00e7in \u00e7al\u0131\u015fmalar\u0131 h\u0131z kesmeden devam ediyor. Bozkurt Belediyesi\u2019nde bulunan Sanat Merkezi\u2019ndeki jimnastik&#8230;<\/p>\n","protected":false},"author":1,"featured_media":12212,"comment_status":"open","ping_status":"open","sticky":false,"template":"","format":"standard","meta":{"_crdt_document":"","footnotes":""},"categories":[4],"tags":[],"class_list":["post-12211","post","type-post","status-publish","format-standard","has-post-thumbnail","hentry","category-spor"],"_links":{"self":[{"href":"https:\/\/www.egemtv.com\/index.php?rest_route=\/wp\/v2\/posts\/12211","targetHints":{"allow":["GET"]}}],"collection":[{"href":"https:\/\/www.egemtv.com\/index.php?rest_route=\/wp\/v2\/posts"}],"about":[{"href":"https:\/\/www.egemtv.com\/index.php?rest_route=\/wp\/v2\/types\/post"}],"author":[{"embeddable":true,"href":"https:\/\/www.egemtv.com\/index.php?rest_route=\/wp\/v2\/users\/1"}],"replies":[{"embeddable":true,"href":"https:\/\/www.egemtv.com\/index.php?rest_route=%2Fwp%2Fv2%2Fcomments&post=12211"}],"version-history":[{"count":1,"href":"https:\/\/www.egemtv.com\/index.php?rest_route=\/wp\/v2\/posts\/12211\/revisions"}],"predecessor-version":[{"id":12213,"href":"https:\/\/www.egemtv.com\/index.php?rest_route=\/wp\/v2\/posts\/12211\/revisions\/12213"}],"wp:featuredmedia":[{"embeddable":true,"href":"https:\/\/www.egemtv.com\/index.php?rest_route=\/wp\/v2\/media\/12212"}],"wp:attachment":[{"href":"https:\/\/www.egemtv.com\/index.php?rest_route=%2Fwp%2Fv2%2Fmedia&parent=12211"}],"wp:term":[{"taxonomy":"category","embeddable":true,"href":"https:\/\/www.egemtv.com\/index.php?rest_route=%2Fwp%2Fv2%2Fcategories&post=12211"},{"taxonomy":"post_tag","embeddable":true,"href":"https:\/\/www.egemtv.com\/index.php?rest_route=%2Fwp%2Fv2%2Ftags&post=12211"}],"curies":[{"name":"wp","href":"https:\/\/api.w.org\/{rel}","templated":true}]}}