{"id":12208,"date":"2025-01-25T09:11:02","date_gmt":"2025-01-25T06:11:02","guid":{"rendered":"https:\/\/www.egemtv.com\/?p=12208"},"modified":"2025-01-25T09:11:05","modified_gmt":"2025-01-25T06:11:05","slug":"nazillide-cocuklar-tiyatro-gosterisiyle-eglendi","status":"publish","type":"post","link":"https:\/\/www.egemtv.com\/?p=12208","title":{"rendered":"Nazilli\u2019de \u00e7ocuklar tiyatro g\u00f6sterisiyle e\u011flendi"},"content":{"rendered":"<p>Nazilli Belediyesi taraf\u0131ndan \u00f6\u011frencilere s\u00f6mestr hediyesi olarak organize edilen \u2019Arkada\u015f\u0131m Ben Geldim\u2019 isimli \u00e7ocuk tiyatrosu, \u00f6\u011frencilere unutulmaz bir ak\u015fam ya\u015fatt\u0131.<\/p>\n<p>Nazilli Belediyesi\u2019nin ara tatil etkinlikleri kapsam\u0131nda \u00fccretsiz olarak da\u011f\u0131tt\u0131\u011f\u0131 tiyatro biletleriyle \u00e7ocuklar keyifli bir g\u00fcn ge\u00e7irdi. \u00dcnl\u00fc oyuncular G\u00fclnihal Demir ve Nuri Yi\u011fit\u2019in sahne ald\u0131\u011f\u0131 \u2019Arkada\u015f\u0131m Ben Geldim\u2019 adl\u0131 m\u00fczikli ve dansl\u0131 \u00e7ocuk oyunu, 23-24 Ocak tarihlerinde Nazilli Belediyesi Mehmet Y\u00fcz\u00fcg\u00fcler K\u00fclt\u00fcr Merkezi Tiyatro Salonu\u2019nda sahnelendi. Yo\u011fun kat\u0131l\u0131mla ger\u00e7ekle\u015fen etkinlikte, \u00e7ocuklar\u0131n tiyatro sevgisini art\u0131rmay\u0131 hedefleyen oyun, ailelerden de b\u00fcy\u00fck be\u011feni toplad\u0131.<\/p>\n<p>Nazilli Belediye Ba\u015fkan\u0131 Dr. Ertu\u011frul Tetik etkinlik sonunda yapt\u0131\u011f\u0131 konu\u015fmada, &#8220;\u00c7ocuklar\u0131m\u0131z\u0131n sanata olan ilgisini art\u0131rmay\u0131 ve k\u00fclt\u00fcrel geli\u015fimlerine katk\u0131 sunmay\u0131 ama\u00e7lad\u0131\u011f\u0131m\u0131z bu t\u00fcr organizasyonlara devam edece\u011fiz. \u00c7ocuklar\u0131m\u0131z\u0131n mutlulu\u011fu bizim i\u00e7in en b\u00fcy\u00fck \u00f6d\u00fcl. Kat\u0131l\u0131m g\u00f6steren herkese te\u015fekk\u00fcr ediyorum&#8221; diyerek oyunculara \u00e7i\u00e7ek takdim etti.<br \/><\/p>\n","protected":false},"excerpt":{"rendered":"<p>Nazilli Belediyesi taraf\u0131ndan \u00f6\u011frencilere s\u00f6mestr hediyesi olarak organize edilen \u2019Arkada\u015f\u0131m Ben Geldim\u2019 isimli \u00e7ocuk tiyatrosu, \u00f6\u011frencilere unutulmaz bir ak\u015fam ya\u015fatt\u0131. Nazilli Belediyesi\u2019nin ara tatil etkinlikleri kapsam\u0131nda \u00fccretsiz olarak da\u011f\u0131tt\u0131\u011f\u0131 tiyatro biletleriyle \u00e7ocuklar keyifli bir g\u00fcn ge\u00e7irdi. \u00dcnl\u00fc oyuncular G\u00fclnihal Demir ve Nuri Yi\u011fit\u2019in sahne ald\u0131\u011f\u0131 \u2019Arkada\u015f\u0131m Ben Geldim\u2019 adl\u0131 m\u00fczikli ve dansl\u0131 \u00e7ocuk oyunu, 23-24&#8230;<\/p>\n","protected":false},"author":1,"featured_media":12209,"comment_status":"open","ping_status":"open","sticky":false,"template":"","format":"standard","meta":{"_crdt_document":"","footnotes":""},"categories":[1],"tags":[],"class_list":["post-12208","post","type-post","status-publish","format-standard","has-post-thumbnail","hentry","category-guncel"],"_links":{"self":[{"href":"https:\/\/www.egemtv.com\/index.php?rest_route=\/wp\/v2\/posts\/12208","targetHints":{"allow":["GET"]}}],"collection":[{"href":"https:\/\/www.egemtv.com\/index.php?rest_route=\/wp\/v2\/posts"}],"about":[{"href":"https:\/\/www.egemtv.com\/index.php?rest_route=\/wp\/v2\/types\/post"}],"author":[{"embeddable":true,"href":"https:\/\/www.egemtv.com\/index.php?rest_route=\/wp\/v2\/users\/1"}],"replies":[{"embeddable":true,"href":"https:\/\/www.egemtv.com\/index.php?rest_route=%2Fwp%2Fv2%2Fcomments&post=12208"}],"version-history":[{"count":1,"href":"https:\/\/www.egemtv.com\/index.php?rest_route=\/wp\/v2\/posts\/12208\/revisions"}],"predecessor-version":[{"id":12210,"href":"https:\/\/www.egemtv.com\/index.php?rest_route=\/wp\/v2\/posts\/12208\/revisions\/12210"}],"wp:featuredmedia":[{"embeddable":true,"href":"https:\/\/www.egemtv.com\/index.php?rest_route=\/wp\/v2\/media\/12209"}],"wp:attachment":[{"href":"https:\/\/www.egemtv.com\/index.php?rest_route=%2Fwp%2Fv2%2Fmedia&parent=12208"}],"wp:term":[{"taxonomy":"category","embeddable":true,"href":"https:\/\/www.egemtv.com\/index.php?rest_route=%2Fwp%2Fv2%2Fcategories&post=12208"},{"taxonomy":"post_tag","embeddable":true,"href":"https:\/\/www.egemtv.com\/index.php?rest_route=%2Fwp%2Fv2%2Ftags&post=12208"}],"curies":[{"name":"wp","href":"https:\/\/api.w.org\/{rel}","templated":true}]}}