{"id":12205,"date":"2025-01-25T09:07:13","date_gmt":"2025-01-25T06:07:13","guid":{"rendered":"https:\/\/www.egemtv.com\/?p=12205"},"modified":"2025-01-25T09:07:17","modified_gmt":"2025-01-25T06:07:17","slug":"tavas-belediye-baskani-tatik-islam-aleminin-mirac-kandilini-kutladi","status":"publish","type":"post","link":"https:\/\/www.egemtv.com\/?p=12205","title":{"rendered":"Tavas Belediye Ba\u015fkan\u0131 Tat\u0131k, \u0130slam aleminin Mira\u00e7 Kandilini kutlad\u0131"},"content":{"rendered":"<p>Tavas Belediye Ba\u015fkan\u0131 Kadir Tat\u0131k , Mira\u00e7 Kandili m\u00fcnasebetiyle bir mesaj yay\u0131nlayarak t\u00fcm \u0130slam \u00e2leminin kandilini kutlad\u0131.<br \/>\n<br \/>Mira\u00e7 Kandili\u2019nin Peygamberimiz Hz. Muhammed\u2019in ihsan ve ikram dolu yolculukla Cenab-\u0131 Hakk\u0131n y\u00fcksek huzuruna kabul edildi\u011fi kutlu bir zaman dilimi oldu\u011funu kaydeden Ba\u015fkan Tat\u0131k mesaj\u0131nda \u015fu ifadelere yer verdi:<br \/>\n<br \/>\u201cMira\u00e7 Kandili, inanc\u0131m\u0131zda peygamberimiz Hz. Muhammed\u2019in (sav) g\u00f6\u011fe y\u00fckselerek Allah\u2019\u0131n huzuruna kabul edilmesi olay\u0131d\u0131r. Bu b\u00fcy\u00fck bulu\u015fma bizlere, insan\u0131n mana aleminde y\u00fckselip ilahi rahmet ve huzura eri\u015fmesinin yolunu g\u00f6sterir. Bu nedenle bu gece biz inananlar i\u00e7in ayr\u0131 bir \u00f6nem ve mana ta\u015f\u0131r.<br \/>\n<br \/>Mira\u00e7, be\u015fer\u00ee hislerden tertemiz bir kullu\u011fa, en y\u00fcce mertebeye y\u00fckseli\u015ftir. B\u00f6yle geceler birlik beraberli\u011fi, dayan\u0131\u015fmay\u0131 ve karde\u015flik duygular\u0131m\u0131z\u0131 peki\u015ftirmeye, kendimizi ve yapt\u0131klar\u0131m\u0131z\u0131 bir daha g\u00f6zden ge\u00e7irip tartmam\u0131za vesile olan gecelerdir. Maddi ve manevi say\u0131s\u0131z g\u00fczelliklerin ya\u015fand\u0131\u011f\u0131 bu anlaml\u0131 gecenin, sevgi ve ho\u015fg\u00f6r\u00fc ortam\u0131n\u0131n geli\u015fmesine, milletimiz i\u00e7in muhabbetin, sohbetin, samimiyetin ve kayna\u015fman\u0131n artmas\u0131n\u0131 vesile olmas\u0131n\u0131 temenni ediyorum.<br \/>\n<br \/>Bu duygu ve d\u00fc\u015f\u00fcncelerle, t\u00fcm hem\u015fehrilerimizin ve \u0130slam aleminin nice hay\u0131rl\u0131 ve kutlu gecelere, huzur, bar\u0131\u015f ve sa\u011fl\u0131k i\u00e7erisinde kavu\u015fmas\u0131n\u0131 Cenab-\u0131 Allah\u2019tan niyaz ediyor, Mira\u00e7 Kandili\u2019nin \u00fclkemiz, milletimiz ve hem\u015ferilerimiz i\u00e7in hay\u0131rlara vesile olmas\u0131n\u0131 diliyorum\u201d<br \/><\/p>\n","protected":false},"excerpt":{"rendered":"<p>Tavas Belediye Ba\u015fkan\u0131 Kadir Tat\u0131k , Mira\u00e7 Kandili m\u00fcnasebetiyle bir mesaj yay\u0131nlayarak t\u00fcm \u0130slam \u00e2leminin kandilini kutlad\u0131. Mira\u00e7 Kandili\u2019nin Peygamberimiz Hz. Muhammed\u2019in ihsan ve ikram dolu yolculukla Cenab-\u0131 Hakk\u0131n y\u00fcksek huzuruna kabul edildi\u011fi kutlu bir zaman dilimi oldu\u011funu kaydeden Ba\u015fkan Tat\u0131k mesaj\u0131nda \u015fu ifadelere yer verdi: \u201cMira\u00e7 Kandili, inanc\u0131m\u0131zda peygamberimiz Hz. Muhammed\u2019in (sav) g\u00f6\u011fe y\u00fckselerek&#8230;<\/p>\n","protected":false},"author":1,"featured_media":12206,"comment_status":"open","ping_status":"open","sticky":false,"template":"","format":"standard","meta":{"_crdt_document":"","footnotes":""},"categories":[1],"tags":[],"class_list":["post-12205","post","type-post","status-publish","format-standard","has-post-thumbnail","hentry","category-guncel"],"_links":{"self":[{"href":"https:\/\/www.egemtv.com\/index.php?rest_route=\/wp\/v2\/posts\/12205","targetHints":{"allow":["GET"]}}],"collection":[{"href":"https:\/\/www.egemtv.com\/index.php?rest_route=\/wp\/v2\/posts"}],"about":[{"href":"https:\/\/www.egemtv.com\/index.php?rest_route=\/wp\/v2\/types\/post"}],"author":[{"embeddable":true,"href":"https:\/\/www.egemtv.com\/index.php?rest_route=\/wp\/v2\/users\/1"}],"replies":[{"embeddable":true,"href":"https:\/\/www.egemtv.com\/index.php?rest_route=%2Fwp%2Fv2%2Fcomments&post=12205"}],"version-history":[{"count":1,"href":"https:\/\/www.egemtv.com\/index.php?rest_route=\/wp\/v2\/posts\/12205\/revisions"}],"predecessor-version":[{"id":12207,"href":"https:\/\/www.egemtv.com\/index.php?rest_route=\/wp\/v2\/posts\/12205\/revisions\/12207"}],"wp:featuredmedia":[{"embeddable":true,"href":"https:\/\/www.egemtv.com\/index.php?rest_route=\/wp\/v2\/media\/12206"}],"wp:attachment":[{"href":"https:\/\/www.egemtv.com\/index.php?rest_route=%2Fwp%2Fv2%2Fmedia&parent=12205"}],"wp:term":[{"taxonomy":"category","embeddable":true,"href":"https:\/\/www.egemtv.com\/index.php?rest_route=%2Fwp%2Fv2%2Fcategories&post=12205"},{"taxonomy":"post_tag","embeddable":true,"href":"https:\/\/www.egemtv.com\/index.php?rest_route=%2Fwp%2Fv2%2Ftags&post=12205"}],"curies":[{"name":"wp","href":"https:\/\/api.w.org\/{rel}","templated":true}]}}