{"id":12202,"date":"2025-01-24T23:10:37","date_gmt":"2025-01-24T20:10:37","guid":{"rendered":"https:\/\/www.egemtv.com\/?p=12202"},"modified":"2025-01-24T23:10:39","modified_gmt":"2025-01-24T20:10:39","slug":"ispartada-santaj-operasyonu-2-tutuklama","status":"publish","type":"post","link":"https:\/\/www.egemtv.com\/?p=12202","title":{"rendered":"Isparta\u2019da \u015fantaj operasyonu: 2 tutuklama"},"content":{"rendered":"<p>Isparta\u2019da ya\u015fanan \u015fantaj olay\u0131yla ilgili y\u00fcr\u00fct\u00fclen soru\u015fturma kapsam\u0131nda, 2 ki\u015fi g\u00f6zalt\u0131na al\u0131nd\u0131. \u015e\u00fcphelilerin adreslerinde ve ara\u00e7lar\u0131nda yap\u0131lan aramalarda dijital delillere el konuldu. G\u00f6zalt\u0131na al\u0131nan \u015fah\u0131slar, \u00e7\u0131kar\u0131ld\u0131klar\u0131 mahkeme taraf\u0131ndan tutuklanarak cezaevine g\u00f6nderildi.<br \/>\n<br \/>Isparta \u0130l Emniyet M\u00fcd\u00fcrl\u00fc\u011f\u00fc ekipleri, G\u00fclistan Mahallesi\u2019nde 3 Aral\u0131k 2024 tarihinde meydana gelen \u015fantaj olay\u0131yla ilgili y\u00fcr\u00fctt\u00fckleri soru\u015fturma kapsam\u0131nda bir tak\u0131m operasyonlar ger\u00e7ekle\u015ftirdi. Cumhuriyet Savc\u0131l\u0131\u011f\u0131 talimat\u0131yla 23 Ocak 2025 tarihinde d\u00fczenlenen operasyonda, A.A. ve A.S.A. isimli \u015f\u00fcphelilerin adresleri ve ara\u00e7lar\u0131nda arama yap\u0131ld\u0131. Operasyon s\u0131ras\u0131nda dijital materyallere el konuldu. G\u00f6zalt\u0131na al\u0131nan \u015f\u00fcpheliler, emniyetteki i\u015flemlerinin tamamlanmas\u0131n\u0131n ard\u0131ndan 24 Ocak 2025 tarihinde adliyeye sevk edildi. Hakim kar\u015f\u0131s\u0131na \u00e7\u0131kan A.A. ve A.S.A., \u00e7\u0131kar\u0131ld\u0131klar\u0131 mahkemece tutuklanarak Ceza \u0130nfaz Kurumuna g\u00f6nderildi.<br \/><\/p>\n","protected":false},"excerpt":{"rendered":"<p>Isparta\u2019da ya\u015fanan \u015fantaj olay\u0131yla ilgili y\u00fcr\u00fct\u00fclen soru\u015fturma kapsam\u0131nda, 2 ki\u015fi g\u00f6zalt\u0131na al\u0131nd\u0131. \u015e\u00fcphelilerin adreslerinde ve ara\u00e7lar\u0131nda yap\u0131lan aramalarda dijital delillere el konuldu. G\u00f6zalt\u0131na al\u0131nan \u015fah\u0131slar, \u00e7\u0131kar\u0131ld\u0131klar\u0131 mahkeme taraf\u0131ndan tutuklanarak cezaevine g\u00f6nderildi. Isparta \u0130l Emniyet M\u00fcd\u00fcrl\u00fc\u011f\u00fc ekipleri, G\u00fclistan Mahallesi\u2019nde 3 Aral\u0131k 2024 tarihinde meydana gelen \u015fantaj olay\u0131yla ilgili y\u00fcr\u00fctt\u00fckleri soru\u015fturma kapsam\u0131nda bir tak\u0131m operasyonlar ger\u00e7ekle\u015ftirdi. Cumhuriyet&#8230;<\/p>\n","protected":false},"author":1,"featured_media":12203,"comment_status":"open","ping_status":"open","sticky":false,"template":"","format":"standard","meta":{"_crdt_document":"","footnotes":""},"categories":[5],"tags":[],"class_list":["post-12202","post","type-post","status-publish","format-standard","has-post-thumbnail","hentry","category-asayis"],"_links":{"self":[{"href":"https:\/\/www.egemtv.com\/index.php?rest_route=\/wp\/v2\/posts\/12202","targetHints":{"allow":["GET"]}}],"collection":[{"href":"https:\/\/www.egemtv.com\/index.php?rest_route=\/wp\/v2\/posts"}],"about":[{"href":"https:\/\/www.egemtv.com\/index.php?rest_route=\/wp\/v2\/types\/post"}],"author":[{"embeddable":true,"href":"https:\/\/www.egemtv.com\/index.php?rest_route=\/wp\/v2\/users\/1"}],"replies":[{"embeddable":true,"href":"https:\/\/www.egemtv.com\/index.php?rest_route=%2Fwp%2Fv2%2Fcomments&post=12202"}],"version-history":[{"count":1,"href":"https:\/\/www.egemtv.com\/index.php?rest_route=\/wp\/v2\/posts\/12202\/revisions"}],"predecessor-version":[{"id":12204,"href":"https:\/\/www.egemtv.com\/index.php?rest_route=\/wp\/v2\/posts\/12202\/revisions\/12204"}],"wp:featuredmedia":[{"embeddable":true,"href":"https:\/\/www.egemtv.com\/index.php?rest_route=\/wp\/v2\/media\/12203"}],"wp:attachment":[{"href":"https:\/\/www.egemtv.com\/index.php?rest_route=%2Fwp%2Fv2%2Fmedia&parent=12202"}],"wp:term":[{"taxonomy":"category","embeddable":true,"href":"https:\/\/www.egemtv.com\/index.php?rest_route=%2Fwp%2Fv2%2Fcategories&post=12202"},{"taxonomy":"post_tag","embeddable":true,"href":"https:\/\/www.egemtv.com\/index.php?rest_route=%2Fwp%2Fv2%2Ftags&post=12202"}],"curies":[{"name":"wp","href":"https:\/\/api.w.org\/{rel}","templated":true}]}}