{"id":12199,"date":"2025-01-24T21:19:35","date_gmt":"2025-01-24T18:19:35","guid":{"rendered":"https:\/\/www.egemtv.com\/?p=12199"},"modified":"2025-01-24T21:19:38","modified_gmt":"2025-01-24T18:19:38","slug":"ugur-mumcu-olumunun-32-yilinda-aliagada-anildi","status":"publish","type":"post","link":"https:\/\/www.egemtv.com\/?p=12199","title":{"rendered":"U\u011fur Mumcu, \u00f6l\u00fcm\u00fcn\u00fcn 32. y\u0131l\u0131nda Alia\u011fa\u2019da an\u0131ld\u0131"},"content":{"rendered":"<p>Atat\u00fcrk\u00e7\u00fc D\u00fc\u015f\u00fcnce Derne\u011fi (ADD) Alia\u011fa \u015eubesi, 24 Ocak 1993\u2019te evinin \u00f6n\u00fcndeki arac\u0131na yerle\u015ftirilen bomban\u0131n patlat\u0131lmas\u0131 sonucu ya\u015fam\u0131n\u0131 yitiren Gazeteci-Yazar U\u011fur Mumcu\u2019yu, katledili\u015finin 32. y\u0131l d\u00f6n\u00fcm\u00fcnde d\u00fczenledi\u011fi bir t\u00f6renle and\u0131.<br \/>\n<br \/>U\u011fur Mumcu Park\u0131\u2019nda ger\u00e7ekle\u015fen anma t\u00f6renine ADD Alia\u011fa \u015eubesi\u2019nin yan\u0131 s\u0131ra CHP Alia\u011fa \u0130l\u00e7e Y\u00f6netimi, partililer, belediye meclis \u00fcyeleri, Alia\u011fa Emek ve Demokrasi Platformu bile\u015fenleri ile vatanda\u015flar kat\u0131ld\u0131. T\u00f6ren, sayg\u0131 duru\u015fu ve \u0130stiklal Mar\u015f\u0131\u2019n\u0131n okunmas\u0131yla ba\u015flad\u0131.<br \/>\n<br \/>ADD Alia\u011fa \u015eube Ba\u015fkan\u0131 Erol \u00c7etinkaya, t\u00f6rende yapt\u0131\u011f\u0131 konu\u015fmada, 2025 Adalet ve Demokrasi Haftas\u0131 \u00e7er\u00e7evesinde toplumsal belle\u011fi diri tutmak ad\u0131na d\u00fczenledikleri etkinliklerin \u00f6nemine de\u011findi. \u00c7etinkaya, konu\u015fmas\u0131nda \u015fu ifadelere yer verdi:<br \/>\n<br \/>\u201c12 Eyl\u00fcl 1980 fa\u015fist darbesi \u00f6ncesi ve sonras\u0131nda ayd\u0131nlar\u0131m\u0131za y\u00f6nelik i\u015flenen seri cinayetler, Cumhuriyetimizin temel de\u011ferlerini hedef alan karanl\u0131k odaklar\u0131n eseriydi. Atat\u00fcrk\u00e7\u00fc D\u00fc\u015f\u00fcnce Derne\u011fi\u2019nin kurucu ve y\u00f6neticilerinin \u00f6zellikle hedef al\u0131nd\u0131\u011f\u0131 bu cinayetler zinciri, Prof. Dr. Muammer Aksoy ile ba\u015flad\u0131, Bahriye \u00dc\u00e7ok, \u00c7etin Eme\u00e7 ve U\u011fur Mumcu gibi de\u011ferlerimizi yitirmemize neden oldu. Ne yaz\u0131k ki bu cinayetler ayd\u0131nlat\u0131lmad\u0131 ve failler adalet \u00f6n\u00fcne \u00e7\u0131kar\u0131lmad\u0131. Bu cinayetlerde failler kadar azmettiriciler de ortada, ancak adalet yerini bulmu\u015f de\u011fil. O tu\u011fla bir t\u00fcrl\u00fc \u00e7ekilemedi, o duvar bir t\u00fcrl\u00fc y\u0131k\u0131lamad\u0131.\u201d<\/p>\n<p>U\u011fur Mumcu An\u0131t\u0131\u2019na karanfiller b\u0131rak\u0131ld\u0131<br \/>\n<br \/>Erol \u00c7etinkaya\u2019n\u0131n konu\u015fmas\u0131n\u0131n ard\u0131ndan, Ege La\u00e7inel, Naz\u0131m Hikmet\u2019in \u201cYa\u015famaya Dair\u201d adl\u0131 \u015fiirini seslendirdi. Daha sonra ADD Alia\u011fa \u015eube Y\u00f6netim Kurulu \u00dcyesi Nazike Ya\u015f\u0131r, g\u00fcn\u00fcn anlam ve \u00f6nemine dair bir konu\u015fma yapt\u0131. Anma t\u00f6reni, kat\u0131l\u0131mc\u0131lar\u0131n U\u011fur Mumcu An\u0131t\u0131\u2019na karanfiller b\u0131rakmas\u0131yla sona erdi.<br \/><\/p>\n","protected":false},"excerpt":{"rendered":"<p>Atat\u00fcrk\u00e7\u00fc D\u00fc\u015f\u00fcnce Derne\u011fi (ADD) Alia\u011fa \u015eubesi, 24 Ocak 1993\u2019te evinin \u00f6n\u00fcndeki arac\u0131na yerle\u015ftirilen bomban\u0131n patlat\u0131lmas\u0131 sonucu ya\u015fam\u0131n\u0131 yitiren Gazeteci-Yazar U\u011fur Mumcu\u2019yu, katledili\u015finin 32. y\u0131l d\u00f6n\u00fcm\u00fcnde d\u00fczenledi\u011fi bir t\u00f6renle and\u0131. U\u011fur Mumcu Park\u0131\u2019nda ger\u00e7ekle\u015fen anma t\u00f6renine ADD Alia\u011fa \u015eubesi\u2019nin yan\u0131 s\u0131ra CHP Alia\u011fa \u0130l\u00e7e Y\u00f6netimi, partililer, belediye meclis \u00fcyeleri, Alia\u011fa Emek ve Demokrasi Platformu bile\u015fenleri ile&#8230;<\/p>\n","protected":false},"author":1,"featured_media":12200,"comment_status":"open","ping_status":"open","sticky":false,"template":"","format":"standard","meta":{"_crdt_document":"","footnotes":""},"categories":[1],"tags":[],"class_list":["post-12199","post","type-post","status-publish","format-standard","has-post-thumbnail","hentry","category-guncel"],"_links":{"self":[{"href":"https:\/\/www.egemtv.com\/index.php?rest_route=\/wp\/v2\/posts\/12199","targetHints":{"allow":["GET"]}}],"collection":[{"href":"https:\/\/www.egemtv.com\/index.php?rest_route=\/wp\/v2\/posts"}],"about":[{"href":"https:\/\/www.egemtv.com\/index.php?rest_route=\/wp\/v2\/types\/post"}],"author":[{"embeddable":true,"href":"https:\/\/www.egemtv.com\/index.php?rest_route=\/wp\/v2\/users\/1"}],"replies":[{"embeddable":true,"href":"https:\/\/www.egemtv.com\/index.php?rest_route=%2Fwp%2Fv2%2Fcomments&post=12199"}],"version-history":[{"count":1,"href":"https:\/\/www.egemtv.com\/index.php?rest_route=\/wp\/v2\/posts\/12199\/revisions"}],"predecessor-version":[{"id":12201,"href":"https:\/\/www.egemtv.com\/index.php?rest_route=\/wp\/v2\/posts\/12199\/revisions\/12201"}],"wp:featuredmedia":[{"embeddable":true,"href":"https:\/\/www.egemtv.com\/index.php?rest_route=\/wp\/v2\/media\/12200"}],"wp:attachment":[{"href":"https:\/\/www.egemtv.com\/index.php?rest_route=%2Fwp%2Fv2%2Fmedia&parent=12199"}],"wp:term":[{"taxonomy":"category","embeddable":true,"href":"https:\/\/www.egemtv.com\/index.php?rest_route=%2Fwp%2Fv2%2Fcategories&post=12199"},{"taxonomy":"post_tag","embeddable":true,"href":"https:\/\/www.egemtv.com\/index.php?rest_route=%2Fwp%2Fv2%2Ftags&post=12199"}],"curies":[{"name":"wp","href":"https:\/\/api.w.org\/{rel}","templated":true}]}}