{"id":12196,"date":"2025-01-24T19:22:20","date_gmt":"2025-01-24T16:22:20","guid":{"rendered":"https:\/\/www.egemtv.com\/?p=12196"},"modified":"2025-01-24T19:22:23","modified_gmt":"2025-01-24T16:22:23","slug":"yunanistanin-olume-ittigi-16si-cocuk-51-duzensiz-gocmen-kurtarildi","status":"publish","type":"post","link":"https:\/\/www.egemtv.com\/?p=12196","title":{"rendered":"Yunanistan\u2019\u0131n \u00f6l\u00fcme itti\u011fi 16\u2019s\u0131 \u00e7ocuk 51 d\u00fczensiz g\u00f6\u00e7men kurtar\u0131ld\u0131"},"content":{"rendered":"<p>Mu\u011fla\u2019n\u0131n Dalaman il\u00e7esi a\u00e7\u0131klar\u0131nda Yunanistan sahil g\u00fcvenlik unsurlar\u0131 taraf\u0131ndan T\u00fck karasular\u0131na geri itilen can sallar\u0131 i\u00e7indeki 16\u2019s\u0131 \u00e7ocuk 51 d\u00fczensiz g\u00f6\u00e7men ve bir g\u00f6\u00e7men T\u00fcrk Sahil G\u00fcvenlik ekipleri taraf\u0131ndan kurtar\u0131ld\u0131.<br \/>\n<br \/>Dalaman il\u00e7esi a\u00e7\u0131klar\u0131nda can sallar\u0131 i\u00e7erisinde bir grup d\u00fczensiz g\u00f6\u00e7men oldu\u011fu bilgisinin al\u0131nmas\u0131 \u00fczerine g\u00f6revlendirilen Sahil G\u00fcvenlik Gemisi ve Sahil G\u00fcvenlik Botu taraf\u0131ndan Yunanistan unsurlar\u0131nca T\u00fcrk Karasular\u0131na geri itilen 2 can sal\u0131 i\u00e7erisindeki toplam 35 d\u00fczensiz g\u00f6\u00e7men (beraberinde 16 \u00e7ocuk) kurtar\u0131lm\u0131\u015f ve 1 g\u00f6\u00e7men ka\u00e7ak\u00e7\u0131s\u0131 \u015f\u00fcphelisi yakaland\u0131.<br \/><\/p>\n","protected":false},"excerpt":{"rendered":"<p>Mu\u011fla\u2019n\u0131n Dalaman il\u00e7esi a\u00e7\u0131klar\u0131nda Yunanistan sahil g\u00fcvenlik unsurlar\u0131 taraf\u0131ndan T\u00fck karasular\u0131na geri itilen can sallar\u0131 i\u00e7indeki 16\u2019s\u0131 \u00e7ocuk 51 d\u00fczensiz g\u00f6\u00e7men ve bir g\u00f6\u00e7men T\u00fcrk Sahil G\u00fcvenlik ekipleri taraf\u0131ndan kurtar\u0131ld\u0131. Dalaman il\u00e7esi a\u00e7\u0131klar\u0131nda can sallar\u0131 i\u00e7erisinde bir grup d\u00fczensiz g\u00f6\u00e7men oldu\u011fu bilgisinin al\u0131nmas\u0131 \u00fczerine g\u00f6revlendirilen Sahil G\u00fcvenlik Gemisi ve Sahil G\u00fcvenlik Botu taraf\u0131ndan Yunanistan unsurlar\u0131nca&#8230;<\/p>\n","protected":false},"author":1,"featured_media":12197,"comment_status":"open","ping_status":"open","sticky":false,"template":"","format":"standard","meta":{"_crdt_document":"","footnotes":""},"categories":[5],"tags":[],"class_list":["post-12196","post","type-post","status-publish","format-standard","has-post-thumbnail","hentry","category-asayis"],"_links":{"self":[{"href":"https:\/\/www.egemtv.com\/index.php?rest_route=\/wp\/v2\/posts\/12196","targetHints":{"allow":["GET"]}}],"collection":[{"href":"https:\/\/www.egemtv.com\/index.php?rest_route=\/wp\/v2\/posts"}],"about":[{"href":"https:\/\/www.egemtv.com\/index.php?rest_route=\/wp\/v2\/types\/post"}],"author":[{"embeddable":true,"href":"https:\/\/www.egemtv.com\/index.php?rest_route=\/wp\/v2\/users\/1"}],"replies":[{"embeddable":true,"href":"https:\/\/www.egemtv.com\/index.php?rest_route=%2Fwp%2Fv2%2Fcomments&post=12196"}],"version-history":[{"count":1,"href":"https:\/\/www.egemtv.com\/index.php?rest_route=\/wp\/v2\/posts\/12196\/revisions"}],"predecessor-version":[{"id":12198,"href":"https:\/\/www.egemtv.com\/index.php?rest_route=\/wp\/v2\/posts\/12196\/revisions\/12198"}],"wp:featuredmedia":[{"embeddable":true,"href":"https:\/\/www.egemtv.com\/index.php?rest_route=\/wp\/v2\/media\/12197"}],"wp:attachment":[{"href":"https:\/\/www.egemtv.com\/index.php?rest_route=%2Fwp%2Fv2%2Fmedia&parent=12196"}],"wp:term":[{"taxonomy":"category","embeddable":true,"href":"https:\/\/www.egemtv.com\/index.php?rest_route=%2Fwp%2Fv2%2Fcategories&post=12196"},{"taxonomy":"post_tag","embeddable":true,"href":"https:\/\/www.egemtv.com\/index.php?rest_route=%2Fwp%2Fv2%2Ftags&post=12196"}],"curies":[{"name":"wp","href":"https:\/\/api.w.org\/{rel}","templated":true}]}}