{"id":12187,"date":"2025-01-24T18:31:08","date_gmt":"2025-01-24T15:31:08","guid":{"rendered":"https:\/\/www.egemtv.com\/?p=12187"},"modified":"2025-01-24T18:31:09","modified_gmt":"2025-01-24T15:31:09","slug":"aydinda-2-bin-940-litre-tagsis-yag-ele-gecirildi","status":"publish","type":"post","link":"https:\/\/www.egemtv.com\/?p=12187","title":{"rendered":"Ayd\u0131n\u2019da 2 bin 940 litre ta\u011f\u015fi\u015f ya\u011f ele ge\u00e7irildi"},"content":{"rendered":"<p>Ayd\u0131n\u2019\u0131n K\u00f6\u015fk il\u00e7esinde 2 ara\u00e7 i\u00e7erisinde bidonlara doldurulmu\u015f toplam 2 bin 940 litre ta\u011f\u015fi\u015f ya\u011f ele ge\u00e7irildi.<\/p>\n<p>Ayd\u0131n \u0130l Emniyet M\u00fcd\u00fcrl\u00fc\u011f\u00fc G\u00fcvenlik \u015eube M\u00fcd\u00fcrl\u00fc\u011f\u00fc ve K\u00f6\u015fk \u0130l\u00e7e Emniyet Amirli\u011fi ekipleri koordinesinde ta\u011f\u015fi\u015f ya\u011f imalat ve ticareti yapan firmalara y\u00f6nelik \u0130l Tar\u0131m ve Orman M\u00fcd\u00fcrl\u00fc\u011f\u00fc i\u015fbirli\u011fiyle \u00e7al\u0131\u015fma ger\u00e7ekle\u015ftirildi. Edinilen bilgiye g\u00f6re yap\u0131lan ortak \u00e7al\u0131\u015fmalar sonucunda iki ara\u00e7 i\u00e7erisinde 3 adet plastik bidon i\u00e7erisinde 2 bin 380 litre ve 35 adet 16 litrelik tenekelere doldurulmu\u015f 560 litre olmak \u00fczere toplamda 2 bin 940 litre ta\u011f\u015fi\u015f ya\u011f ele ge\u00e7irildi. Yakalanan \u015fah\u0131slar hakk\u0131nda adli ve idari i\u015flemler ba\u015flat\u0131l\u0131rken, \u0130l Tar\u0131m ve Orman M\u00fcd\u00fcrl\u00fc\u011f\u00fcnce iki \u015fahsa  toplam 153 bin TL idari para cezas\u0131 uyguland\u0131.<br \/><\/p>\n","protected":false},"excerpt":{"rendered":"<p>Ayd\u0131n\u2019\u0131n K\u00f6\u015fk il\u00e7esinde 2 ara\u00e7 i\u00e7erisinde bidonlara doldurulmu\u015f toplam 2 bin 940 litre ta\u011f\u015fi\u015f ya\u011f ele ge\u00e7irildi. Ayd\u0131n \u0130l Emniyet M\u00fcd\u00fcrl\u00fc\u011f\u00fc G\u00fcvenlik \u015eube M\u00fcd\u00fcrl\u00fc\u011f\u00fc ve K\u00f6\u015fk \u0130l\u00e7e Emniyet Amirli\u011fi ekipleri koordinesinde ta\u011f\u015fi\u015f ya\u011f imalat ve ticareti yapan firmalara y\u00f6nelik \u0130l Tar\u0131m ve Orman M\u00fcd\u00fcrl\u00fc\u011f\u00fc i\u015fbirli\u011fiyle \u00e7al\u0131\u015fma ger\u00e7ekle\u015ftirildi. Edinilen bilgiye g\u00f6re yap\u0131lan ortak \u00e7al\u0131\u015fmalar sonucunda iki&#8230;<\/p>\n","protected":false},"author":1,"featured_media":12188,"comment_status":"open","ping_status":"open","sticky":false,"template":"","format":"standard","meta":{"_crdt_document":"","footnotes":""},"categories":[5],"tags":[],"class_list":["post-12187","post","type-post","status-publish","format-standard","has-post-thumbnail","hentry","category-asayis"],"_links":{"self":[{"href":"https:\/\/www.egemtv.com\/index.php?rest_route=\/wp\/v2\/posts\/12187","targetHints":{"allow":["GET"]}}],"collection":[{"href":"https:\/\/www.egemtv.com\/index.php?rest_route=\/wp\/v2\/posts"}],"about":[{"href":"https:\/\/www.egemtv.com\/index.php?rest_route=\/wp\/v2\/types\/post"}],"author":[{"embeddable":true,"href":"https:\/\/www.egemtv.com\/index.php?rest_route=\/wp\/v2\/users\/1"}],"replies":[{"embeddable":true,"href":"https:\/\/www.egemtv.com\/index.php?rest_route=%2Fwp%2Fv2%2Fcomments&post=12187"}],"version-history":[{"count":1,"href":"https:\/\/www.egemtv.com\/index.php?rest_route=\/wp\/v2\/posts\/12187\/revisions"}],"predecessor-version":[{"id":12189,"href":"https:\/\/www.egemtv.com\/index.php?rest_route=\/wp\/v2\/posts\/12187\/revisions\/12189"}],"wp:featuredmedia":[{"embeddable":true,"href":"https:\/\/www.egemtv.com\/index.php?rest_route=\/wp\/v2\/media\/12188"}],"wp:attachment":[{"href":"https:\/\/www.egemtv.com\/index.php?rest_route=%2Fwp%2Fv2%2Fmedia&parent=12187"}],"wp:term":[{"taxonomy":"category","embeddable":true,"href":"https:\/\/www.egemtv.com\/index.php?rest_route=%2Fwp%2Fv2%2Fcategories&post=12187"},{"taxonomy":"post_tag","embeddable":true,"href":"https:\/\/www.egemtv.com\/index.php?rest_route=%2Fwp%2Fv2%2Ftags&post=12187"}],"curies":[{"name":"wp","href":"https:\/\/api.w.org\/{rel}","templated":true}]}}