{"id":12184,"date":"2025-01-24T17:55:32","date_gmt":"2025-01-24T14:55:32","guid":{"rendered":"https:\/\/www.egemtv.com\/?p=12184"},"modified":"2025-01-24T17:55:34","modified_gmt":"2025-01-24T14:55:34","slug":"muglali-muhtarlar-tek-cati-altinda-toplandi","status":"publish","type":"post","link":"https:\/\/www.egemtv.com\/?p=12184","title":{"rendered":"Mu\u011flal\u0131 muhtarlar tek \u00e7at\u0131 alt\u0131nda topland\u0131"},"content":{"rendered":"<p>Mu\u011fla\u2019n\u0131n 13 il\u00e7esinde farkl\u0131 isimler alt\u0131nda bulunan Muhtarlar Dernekleri her il\u00e7ede tek derne\u011fe, Mu\u011fla ilindeki farkl\u0131 federasyonlar da tek \u00e7at\u0131 alt\u0131nda birle\u015fti. Mu\u011fla Muhtarlar Federasyonu ad\u0131 alt\u0131nda tek \u00e7at\u0131 alt\u0131nda toplanan muhtarlar\u0131n 1. ola\u011fan\u00fcst\u00fc kongresi, Mente\u015fe T\u00fcrkan Saylan \u00c7a\u011fda\u015f Ya\u015fam Merkezi\u2019nde yo\u011fun bir kat\u0131l\u0131mla ger\u00e7ekle\u015fti. Tek aday ile se\u00e7ime giren mevcut ba\u015fkan Hayrettin Akay delegelerin oy birli\u011fiyle Mu\u011fla Muhtarlar Federasyonu Ba\u015fkan\u0131 se\u00e7ildi. Kongreye, Mu\u011fla B\u00fcy\u00fck\u015fehir Belediye Ba\u015fkan\u0131 Ahmet Aras, ve Mente\u015fe Belediye Ba\u015fkan\u0131 Gonca K\u00f6ksal da kat\u0131ld\u0131.<br \/>\n<br \/>Mu\u011fla B\u00fcy\u00fck\u015fehir Belediye Ba\u015fkan\u0131 Ahmet Aras kongrede birlik ve beraberli\u011fin \u00f6nemine dikkat \u00e7ekerek, \u201cBug\u00fcn burada birlik ve beraberlik ruhunun g\u00fc\u00e7l\u00fc oldu\u011funu g\u00f6r\u00fcyoruz. T\u00fcrkiye\u2019nin d\u00f6rt bir yan\u0131ndaki muhtarlar\u0131m\u0131zla \u00e7al\u0131\u015fmaktan gurur duyuyorum. Birlikte hareket edersek \u00e7\u00f6zemeyece\u011fimiz sorun kalmaz. Kamu kurumlar\u0131, sivil toplum kurulu\u015flar\u0131 ve muhtarlar\u0131m\u0131zla uyum i\u00e7inde \u00e7al\u0131\u015f\u0131yoruz. Ele\u015ftirilere her zaman a\u00e7\u0131\u011f\u0131m. Gelin, Mu\u011fla\u2019m\u0131z\u0131n sorunlar\u0131n\u0131 birlikte konu\u015fal\u0131m. Bu kongrenin hepimiz i\u00e7in hay\u0131rl\u0131 olmas\u0131n\u0131 diliyorum \u201cdedi.<br \/>\n<br \/>Mente\u015fe Belediye Ba\u015fkan\u0131 Gonca K\u00f6ksal, muhtarlar\u0131n yerel y\u00f6netimlerdeki \u00f6nemine de\u011finerek \u015funlar\u0131 s\u00f6yledi. \u201cSizler bizim elimiz, kolumuz, g\u00f6z\u00fcm\u00fcz ve kula\u011f\u0131m\u0131zs\u0131n\u0131z. Birlikte \u00e7al\u0131\u015fman\u0131n k\u0131ymeti \u00e7ok b\u00fcy\u00fck. T\u00fcm Mu\u011fla\u2019daki muhtarlar\u0131m\u0131z\u0131n burada oldu\u011funu g\u00f6rmek \u00e7ok de\u011ferli. Bu kongrenin hepimiz i\u00e7in hay\u0131rl\u0131 olmas\u0131n\u0131 diliyorum&#8221;<br \/>\n<br \/>Yeniden ba\u015fkan se\u00e7ilen Hayrettin Akay, konu\u015fmas\u0131nda muhtarl\u0131k kurumunun \u00f6nemine vurgu yapt\u0131: \u201cMuhtarl\u0131k, T\u00fcrk toplumunun temel ta\u015flar\u0131ndan biri olarak, halk\u0131m\u0131z\u0131n sesi ve vicdan\u0131 olmu\u015ftur. \u0130\u00e7inde bulundu\u011fumuz zorluklar\u0131 a\u015fmak i\u00e7in sorunlar\u0131 do\u011fru tespit ederek \u00fcst makamlara iletmeliyiz. Bireysel taleplerden ziyade, toplumun genelini ilgilendiren konular\u0131 g\u00fcndeme ta\u015f\u0131mal\u0131y\u0131z. Birlik ve beraberlik i\u00e7inde hareket etti\u011fimiz s\u00fcrece a\u015famayaca\u011f\u0131m\u0131z engel yoktur. 13 il\u00e7e ve 574 muhtar\u0131m\u0131zla birlikte, Mu\u011fla\u2019y\u0131 en iyi \u015fekilde temsil etmeyi ve bakanl\u0131klarla yap\u0131lacak g\u00f6r\u00fc\u015fmelerde s\u00f6z sahibi olmay\u0131 hedefliyoruz. Genel kurul toplant\u0131m\u0131z\u0131n hay\u0131rl\u0131 olmas\u0131n\u0131 diliyor, eme\u011fi ge\u00e7en herkese te\u015fekk\u00fcr ediyorum\u201d dedi.<br \/><\/p>\n","protected":false},"excerpt":{"rendered":"<p>Mu\u011fla\u2019n\u0131n 13 il\u00e7esinde farkl\u0131 isimler alt\u0131nda bulunan Muhtarlar Dernekleri her il\u00e7ede tek derne\u011fe, Mu\u011fla ilindeki farkl\u0131 federasyonlar da tek \u00e7at\u0131 alt\u0131nda birle\u015fti. Mu\u011fla Muhtarlar Federasyonu ad\u0131 alt\u0131nda tek \u00e7at\u0131 alt\u0131nda toplanan muhtarlar\u0131n 1. ola\u011fan\u00fcst\u00fc kongresi, Mente\u015fe T\u00fcrkan Saylan \u00c7a\u011fda\u015f Ya\u015fam Merkezi\u2019nde yo\u011fun bir kat\u0131l\u0131mla ger\u00e7ekle\u015fti. Tek aday ile se\u00e7ime giren mevcut ba\u015fkan Hayrettin Akay delegelerin&#8230;<\/p>\n","protected":false},"author":1,"featured_media":12185,"comment_status":"open","ping_status":"open","sticky":false,"template":"","format":"standard","meta":{"_crdt_document":"","footnotes":""},"categories":[127],"tags":[],"class_list":["post-12184","post","type-post","status-publish","format-standard","has-post-thumbnail","hentry","category-siyaset"],"_links":{"self":[{"href":"https:\/\/www.egemtv.com\/index.php?rest_route=\/wp\/v2\/posts\/12184","targetHints":{"allow":["GET"]}}],"collection":[{"href":"https:\/\/www.egemtv.com\/index.php?rest_route=\/wp\/v2\/posts"}],"about":[{"href":"https:\/\/www.egemtv.com\/index.php?rest_route=\/wp\/v2\/types\/post"}],"author":[{"embeddable":true,"href":"https:\/\/www.egemtv.com\/index.php?rest_route=\/wp\/v2\/users\/1"}],"replies":[{"embeddable":true,"href":"https:\/\/www.egemtv.com\/index.php?rest_route=%2Fwp%2Fv2%2Fcomments&post=12184"}],"version-history":[{"count":1,"href":"https:\/\/www.egemtv.com\/index.php?rest_route=\/wp\/v2\/posts\/12184\/revisions"}],"predecessor-version":[{"id":12186,"href":"https:\/\/www.egemtv.com\/index.php?rest_route=\/wp\/v2\/posts\/12184\/revisions\/12186"}],"wp:featuredmedia":[{"embeddable":true,"href":"https:\/\/www.egemtv.com\/index.php?rest_route=\/wp\/v2\/media\/12185"}],"wp:attachment":[{"href":"https:\/\/www.egemtv.com\/index.php?rest_route=%2Fwp%2Fv2%2Fmedia&parent=12184"}],"wp:term":[{"taxonomy":"category","embeddable":true,"href":"https:\/\/www.egemtv.com\/index.php?rest_route=%2Fwp%2Fv2%2Fcategories&post=12184"},{"taxonomy":"post_tag","embeddable":true,"href":"https:\/\/www.egemtv.com\/index.php?rest_route=%2Fwp%2Fv2%2Ftags&post=12184"}],"curies":[{"name":"wp","href":"https:\/\/api.w.org\/{rel}","templated":true}]}}