{"id":12178,"date":"2025-01-24T17:36:52","date_gmt":"2025-01-24T14:36:52","guid":{"rendered":"https:\/\/www.egemtv.com\/?p=12178"},"modified":"2025-01-24T17:36:54","modified_gmt":"2025-01-24T14:36:54","slug":"kutahyada-otomobil-takla-atti-2-yarali","status":"publish","type":"post","link":"https:\/\/www.egemtv.com\/?p=12178","title":{"rendered":"K\u00fctahya\u2019da otomobil takla att\u0131: 2 yaral\u0131"},"content":{"rendered":"<p>K\u00fctahya\u2019da s\u00fcr\u00fcc\u00fcs\u00fcn\u00fcn viraj\u0131 alamad\u0131\u011f\u0131 otomobilin devrilmesi sonucunda meydana gelen trafik kazas\u0131nda 2 ki\u015fi yaraland\u0131.<br \/>\n<br \/>Olay, K\u00fctahya\u2019n\u0131n Domani\u00e7 il\u00e7esine ba\u011fl\u0131 Muratl\u0131 K\u00f6y\u00fc Kayaba\u015f\u0131 yolunda meydana geldi. Edinilen bilgilere g\u00f6re, 43 YD 360 plakal\u0131 ara\u00e7, s\u00fcr\u00fcc\u00fcs\u00fcn\u00fcn viraj\u0131 alamamas\u0131 nedeniyle takla att\u0131. Kazada ara\u00e7 s\u00fcr\u00fcc\u00fcs\u00fc Ramazan \u00c7ak\u0131r ve e\u015fi Fetdane \u00c7ak\u0131r yaraland\u0131. \u0130hbar \u00fczerine olay yerine 112 Acil Servis ekipleri sevk edildi. Sa\u011fl\u0131k ekiplerince ilk m\u00fcdahaleleri yap\u0131lan yaral\u0131lar, Tav\u015fanl\u0131 Do\u00e7. Dr. Mustafa Kalemli Devlet Hastanesi\u2019ne kald\u0131r\u0131ld\u0131. Polis ekiplerinin kazayla ilgili inceleme ba\u015flatt\u0131\u011f\u0131 \u00f6\u011frenildi.<br \/><\/p>\n","protected":false},"excerpt":{"rendered":"<p>K\u00fctahya\u2019da s\u00fcr\u00fcc\u00fcs\u00fcn\u00fcn viraj\u0131 alamad\u0131\u011f\u0131 otomobilin devrilmesi sonucunda meydana gelen trafik kazas\u0131nda 2 ki\u015fi yaraland\u0131. Olay, K\u00fctahya\u2019n\u0131n Domani\u00e7 il\u00e7esine ba\u011fl\u0131 Muratl\u0131 K\u00f6y\u00fc Kayaba\u015f\u0131 yolunda meydana geldi. Edinilen bilgilere g\u00f6re, 43 YD 360 plakal\u0131 ara\u00e7, s\u00fcr\u00fcc\u00fcs\u00fcn\u00fcn viraj\u0131 alamamas\u0131 nedeniyle takla att\u0131. Kazada ara\u00e7 s\u00fcr\u00fcc\u00fcs\u00fc Ramazan \u00c7ak\u0131r ve e\u015fi Fetdane \u00c7ak\u0131r yaraland\u0131. \u0130hbar \u00fczerine olay yerine 112 Acil&#8230;<\/p>\n","protected":false},"author":1,"featured_media":12179,"comment_status":"open","ping_status":"open","sticky":false,"template":"","format":"standard","meta":{"_crdt_document":"","footnotes":""},"categories":[5],"tags":[],"class_list":["post-12178","post","type-post","status-publish","format-standard","has-post-thumbnail","hentry","category-asayis"],"_links":{"self":[{"href":"https:\/\/www.egemtv.com\/index.php?rest_route=\/wp\/v2\/posts\/12178","targetHints":{"allow":["GET"]}}],"collection":[{"href":"https:\/\/www.egemtv.com\/index.php?rest_route=\/wp\/v2\/posts"}],"about":[{"href":"https:\/\/www.egemtv.com\/index.php?rest_route=\/wp\/v2\/types\/post"}],"author":[{"embeddable":true,"href":"https:\/\/www.egemtv.com\/index.php?rest_route=\/wp\/v2\/users\/1"}],"replies":[{"embeddable":true,"href":"https:\/\/www.egemtv.com\/index.php?rest_route=%2Fwp%2Fv2%2Fcomments&post=12178"}],"version-history":[{"count":1,"href":"https:\/\/www.egemtv.com\/index.php?rest_route=\/wp\/v2\/posts\/12178\/revisions"}],"predecessor-version":[{"id":12180,"href":"https:\/\/www.egemtv.com\/index.php?rest_route=\/wp\/v2\/posts\/12178\/revisions\/12180"}],"wp:featuredmedia":[{"embeddable":true,"href":"https:\/\/www.egemtv.com\/index.php?rest_route=\/wp\/v2\/media\/12179"}],"wp:attachment":[{"href":"https:\/\/www.egemtv.com\/index.php?rest_route=%2Fwp%2Fv2%2Fmedia&parent=12178"}],"wp:term":[{"taxonomy":"category","embeddable":true,"href":"https:\/\/www.egemtv.com\/index.php?rest_route=%2Fwp%2Fv2%2Fcategories&post=12178"},{"taxonomy":"post_tag","embeddable":true,"href":"https:\/\/www.egemtv.com\/index.php?rest_route=%2Fwp%2Fv2%2Ftags&post=12178"}],"curies":[{"name":"wp","href":"https:\/\/api.w.org\/{rel}","templated":true}]}}