{"id":12175,"date":"2025-01-24T17:34:51","date_gmt":"2025-01-24T14:34:51","guid":{"rendered":"https:\/\/www.egemtv.com\/?p=12175"},"modified":"2025-01-24T17:34:52","modified_gmt":"2025-01-24T14:34:52","slug":"tavsanlida-trafik-kazasi-1-yarali-2","status":"publish","type":"post","link":"https:\/\/www.egemtv.com\/?p=12175","title":{"rendered":"Tav\u015fanl\u0131\u2019da trafik kazas\u0131: 1 yaral\u0131"},"content":{"rendered":"<p>K\u00fctahya\u2019da i\u015f\u00e7i servisinin \u00f6n\u00fcndeki araca \u00e7arpmas\u0131 sonucunda meydana gelen trafik kazas\u0131nda 1 ki\u015fi yaraland\u0131.<br \/>\n<br \/>Kaza, Tav\u015fanl\u0131 \u0130l\u00e7esi\u2019nde \u00c7evreyolu Caddesi ve Sad\u0131k Pembe Caddesi\u2019nin kesi\u015fti\u011fi \u0131\u015f\u0131kl\u0131 kav\u015fakta meydana geldi. Edinilen bilgilere g\u00f6re, \u00e7evreyolunda K\u00fctahya istikametinden \u015fehir merkezi istikametine gitmekte olan Y.\u00d6. idaresindeki 43 S 2152 i\u015f\u00e7i servisi, \u00f6n\u00fcnde ayn\u0131 istikamete seyir halinde olan M.\u00c7. idaresindeki 43 AFJ 829 plakal\u0131 hafif ticari araca \u00e7arpt\u0131. Kaza sonucunda 43 AFJ 829 plakal\u0131 hafif ticari arac\u0131n s\u00fcr\u00fcc\u00fcs\u00fc M.\u00c7. yaraland\u0131. \u0130hbar \u00fczerine olay yerine 112 Acil Servis ekipleri sevk edildi. Yaral\u0131 s\u00fcr\u00fcc\u00fc, sa\u011fl\u0131k ekiplerinin ilk m\u00fcdahalesinin ard\u0131ndan Tav\u015fanl\u0131 Do\u00e7. Dr. Mustafa Kalemli Devlet Hastanesine kald\u0131r\u0131ld\u0131.<br \/>\n<br \/>Polis ekiplerinin olayla ilgili ba\u015flatt\u0131\u011f\u0131 soru\u015fturman\u0131n devam etti\u011fi \u00f6\u011frenildi.<br \/><\/p>\n","protected":false},"excerpt":{"rendered":"<p>K\u00fctahya\u2019da i\u015f\u00e7i servisinin \u00f6n\u00fcndeki araca \u00e7arpmas\u0131 sonucunda meydana gelen trafik kazas\u0131nda 1 ki\u015fi yaraland\u0131. Kaza, Tav\u015fanl\u0131 \u0130l\u00e7esi\u2019nde \u00c7evreyolu Caddesi ve Sad\u0131k Pembe Caddesi\u2019nin kesi\u015fti\u011fi \u0131\u015f\u0131kl\u0131 kav\u015fakta meydana geldi. Edinilen bilgilere g\u00f6re, \u00e7evreyolunda K\u00fctahya istikametinden \u015fehir merkezi istikametine gitmekte olan Y.\u00d6. idaresindeki 43 S 2152 i\u015f\u00e7i servisi, \u00f6n\u00fcnde ayn\u0131 istikamete seyir halinde olan M.\u00c7. idaresindeki 43&#8230;<\/p>\n","protected":false},"author":1,"featured_media":12176,"comment_status":"open","ping_status":"open","sticky":false,"template":"","format":"standard","meta":{"_crdt_document":"","footnotes":""},"categories":[5],"tags":[],"class_list":["post-12175","post","type-post","status-publish","format-standard","has-post-thumbnail","hentry","category-asayis"],"_links":{"self":[{"href":"https:\/\/www.egemtv.com\/index.php?rest_route=\/wp\/v2\/posts\/12175","targetHints":{"allow":["GET"]}}],"collection":[{"href":"https:\/\/www.egemtv.com\/index.php?rest_route=\/wp\/v2\/posts"}],"about":[{"href":"https:\/\/www.egemtv.com\/index.php?rest_route=\/wp\/v2\/types\/post"}],"author":[{"embeddable":true,"href":"https:\/\/www.egemtv.com\/index.php?rest_route=\/wp\/v2\/users\/1"}],"replies":[{"embeddable":true,"href":"https:\/\/www.egemtv.com\/index.php?rest_route=%2Fwp%2Fv2%2Fcomments&post=12175"}],"version-history":[{"count":1,"href":"https:\/\/www.egemtv.com\/index.php?rest_route=\/wp\/v2\/posts\/12175\/revisions"}],"predecessor-version":[{"id":12177,"href":"https:\/\/www.egemtv.com\/index.php?rest_route=\/wp\/v2\/posts\/12175\/revisions\/12177"}],"wp:featuredmedia":[{"embeddable":true,"href":"https:\/\/www.egemtv.com\/index.php?rest_route=\/wp\/v2\/media\/12176"}],"wp:attachment":[{"href":"https:\/\/www.egemtv.com\/index.php?rest_route=%2Fwp%2Fv2%2Fmedia&parent=12175"}],"wp:term":[{"taxonomy":"category","embeddable":true,"href":"https:\/\/www.egemtv.com\/index.php?rest_route=%2Fwp%2Fv2%2Fcategories&post=12175"},{"taxonomy":"post_tag","embeddable":true,"href":"https:\/\/www.egemtv.com\/index.php?rest_route=%2Fwp%2Fv2%2Ftags&post=12175"}],"curies":[{"name":"wp","href":"https:\/\/api.w.org\/{rel}","templated":true}]}}