{"id":12172,"date":"2025-01-24T17:34:48","date_gmt":"2025-01-24T14:34:48","guid":{"rendered":"https:\/\/www.egemtv.com\/?p=12172"},"modified":"2025-01-24T17:34:50","modified_gmt":"2025-01-24T14:34:50","slug":"kutahya-belediyesinde-halk-gunu","status":"publish","type":"post","link":"https:\/\/www.egemtv.com\/?p=12172","title":{"rendered":"K\u00fctahya Belediyesi\u2019nde Halk G\u00fcn\u00fc"},"content":{"rendered":"<p>K\u00fctahya Belediyesi taraf\u0131ndan her hafta d\u00fczenlenen Halk G\u00fcn\u00fc Toplant\u0131s\u0131, Belediye Ba\u015fkan\u0131 Ey\u00fcp Kahveci ba\u015fkanl\u0131\u011f\u0131nda ger\u00e7ekle\u015ftirildi. Cuma g\u00fcnleri 10.00 ile 12.00 saatleri aras\u0131nda yap\u0131lan toplant\u0131ya vatanda\u015flar yo\u011fun ilgi g\u00f6sterdi.<br \/>\n<br \/>Belediye ba\u015fkan yard\u0131mc\u0131lar\u0131 ve birim m\u00fcd\u00fcrlerinin de kat\u0131ld\u0131\u011f\u0131 toplant\u0131da, vatanda\u015flar\u0131n talep ve \u00f6nerileri dinlendi. Ba\u015fkan Kahveci, iletilen konular\u0131n \u00e7\u00f6z\u00fcm\u00fc i\u00e7in ilgili birimlerin y\u00f6nlendirildi\u011fini ve gerekli \u00e7al\u0131\u015fmalar\u0131n en k\u0131sa s\u00fcrede ba\u015flat\u0131laca\u011f\u0131n\u0131 belirtti.<br \/>\n<br \/>Toplant\u0131ya kat\u0131lan vatanda\u015flar, Halk G\u00fcn\u00fc uygulamas\u0131ndan memnun olduklar\u0131n\u0131 ifade ederek, bu bulu\u015fmalar\u0131n devam etmesi y\u00f6n\u00fcndeki taleplerini dile getirdi. K\u00fctahya Belediyesi, sosyal belediyecilik anlay\u0131\u015f\u0131yla vatanda\u015flar\u0131n istek ve \u00f6nerilerine do\u011frudan kulak vermeye devam edece\u011fini vurgulad\u0131.<br \/><\/p>\n","protected":false},"excerpt":{"rendered":"<p>K\u00fctahya Belediyesi taraf\u0131ndan her hafta d\u00fczenlenen Halk G\u00fcn\u00fc Toplant\u0131s\u0131, Belediye Ba\u015fkan\u0131 Ey\u00fcp Kahveci ba\u015fkanl\u0131\u011f\u0131nda ger\u00e7ekle\u015ftirildi. Cuma g\u00fcnleri 10.00 ile 12.00 saatleri aras\u0131nda yap\u0131lan toplant\u0131ya vatanda\u015flar yo\u011fun ilgi g\u00f6sterdi. Belediye ba\u015fkan yard\u0131mc\u0131lar\u0131 ve birim m\u00fcd\u00fcrlerinin de kat\u0131ld\u0131\u011f\u0131 toplant\u0131da, vatanda\u015flar\u0131n talep ve \u00f6nerileri dinlendi. Ba\u015fkan Kahveci, iletilen konular\u0131n \u00e7\u00f6z\u00fcm\u00fc i\u00e7in ilgili birimlerin y\u00f6nlendirildi\u011fini ve gerekli \u00e7al\u0131\u015fmalar\u0131n en&#8230;<\/p>\n","protected":false},"author":1,"featured_media":12173,"comment_status":"open","ping_status":"open","sticky":false,"template":"","format":"standard","meta":{"_crdt_document":"","footnotes":""},"categories":[123],"tags":[],"class_list":["post-12172","post","type-post","status-publish","format-standard","has-post-thumbnail","hentry","category-gundem"],"_links":{"self":[{"href":"https:\/\/www.egemtv.com\/index.php?rest_route=\/wp\/v2\/posts\/12172","targetHints":{"allow":["GET"]}}],"collection":[{"href":"https:\/\/www.egemtv.com\/index.php?rest_route=\/wp\/v2\/posts"}],"about":[{"href":"https:\/\/www.egemtv.com\/index.php?rest_route=\/wp\/v2\/types\/post"}],"author":[{"embeddable":true,"href":"https:\/\/www.egemtv.com\/index.php?rest_route=\/wp\/v2\/users\/1"}],"replies":[{"embeddable":true,"href":"https:\/\/www.egemtv.com\/index.php?rest_route=%2Fwp%2Fv2%2Fcomments&post=12172"}],"version-history":[{"count":1,"href":"https:\/\/www.egemtv.com\/index.php?rest_route=\/wp\/v2\/posts\/12172\/revisions"}],"predecessor-version":[{"id":12174,"href":"https:\/\/www.egemtv.com\/index.php?rest_route=\/wp\/v2\/posts\/12172\/revisions\/12174"}],"wp:featuredmedia":[{"embeddable":true,"href":"https:\/\/www.egemtv.com\/index.php?rest_route=\/wp\/v2\/media\/12173"}],"wp:attachment":[{"href":"https:\/\/www.egemtv.com\/index.php?rest_route=%2Fwp%2Fv2%2Fmedia&parent=12172"}],"wp:term":[{"taxonomy":"category","embeddable":true,"href":"https:\/\/www.egemtv.com\/index.php?rest_route=%2Fwp%2Fv2%2Fcategories&post=12172"},{"taxonomy":"post_tag","embeddable":true,"href":"https:\/\/www.egemtv.com\/index.php?rest_route=%2Fwp%2Fv2%2Ftags&post=12172"}],"curies":[{"name":"wp","href":"https:\/\/api.w.org\/{rel}","templated":true}]}}