{"id":12169,"date":"2025-01-24T17:31:20","date_gmt":"2025-01-24T14:31:20","guid":{"rendered":"https:\/\/www.egemtv.com\/?p=12169"},"modified":"2025-01-24T17:31:22","modified_gmt":"2025-01-24T14:31:22","slug":"hakimiyeti-kaybolan-ticari-arac-savrularak-yan-yatti","status":"publish","type":"post","link":"https:\/\/www.egemtv.com\/?p=12169","title":{"rendered":"Hakimiyeti kaybolan ticari ara\u00e7 savrularak yan yatt\u0131"},"content":{"rendered":"<p>Ayd\u0131n\u2019\u0131n Efeler il\u00e7esinde kontrolden \u00e7\u0131kan ticari ara\u00e7, savrularak yan yatarken kazada bir ki\u015fi yaraland\u0131.<\/p>\n<p>Kaza, Zafer Mahallesi Jandarma Sosyal Tesisleri yolunda meydana geldi. Edinilen bilgiye g\u00f6re T.C. (24) idaresindeki 09 EB 044 plakal\u0131 ticari arac\u0131n hen\u00fcz bilinmeyen bir nedenle direksiyon hakimiyeti kayboldu. Savrulan otomobil yol kenar\u0131ndaki y\u00fckseltiye \u00e7arparak yan yatt\u0131. Kazada ara\u00e7 i\u00e7erisindeki T.C. yaraland\u0131. Kazay\u0131 g\u00f6renler durumu 112 Acil \u00c7a\u011fr\u0131 Merkezi\u2019ne bildirdi. \u0130hbar \u00fczerine b\u00f6lgeye polis, itfaiye ve sa\u011fl\u0131k ekipleri sevk edildi. K\u0131sa s\u00fcrede olay yerine gelen itfaiye ekipleri ara\u00e7 s\u00fcr\u00fcc\u00fcs\u00fcn\u00fc s\u0131k\u0131\u015ft\u0131\u011f\u0131 yerden kurtararak sa\u011fl\u0131k ekiplerine teslim etti. Olay yerinde ilk m\u00fcdahalesi yap\u0131lan yaral\u0131, ambulansla AD\u00dc Ara\u015ft\u0131rma ve Uygulama Hastanesi\u2019ne kald\u0131r\u0131ld\u0131. Ara\u00e7 \u00e7ekici marifetiyle yoldan kald\u0131r\u0131l\u0131rken, kaza ile ilgili inceleme ba\u015flat\u0131ld\u0131.<br \/><\/p>\n","protected":false},"excerpt":{"rendered":"<p>Ayd\u0131n\u2019\u0131n Efeler il\u00e7esinde kontrolden \u00e7\u0131kan ticari ara\u00e7, savrularak yan yatarken kazada bir ki\u015fi yaraland\u0131. Kaza, Zafer Mahallesi Jandarma Sosyal Tesisleri yolunda meydana geldi. Edinilen bilgiye g\u00f6re T.C. (24) idaresindeki 09 EB 044 plakal\u0131 ticari arac\u0131n hen\u00fcz bilinmeyen bir nedenle direksiyon hakimiyeti kayboldu. Savrulan otomobil yol kenar\u0131ndaki y\u00fckseltiye \u00e7arparak yan yatt\u0131. Kazada ara\u00e7 i\u00e7erisindeki T.C. yaraland\u0131&#8230;.<\/p>\n","protected":false},"author":1,"featured_media":12170,"comment_status":"open","ping_status":"open","sticky":false,"template":"","format":"standard","meta":{"_crdt_document":"","footnotes":""},"categories":[5],"tags":[],"class_list":["post-12169","post","type-post","status-publish","format-standard","has-post-thumbnail","hentry","category-asayis"],"_links":{"self":[{"href":"https:\/\/www.egemtv.com\/index.php?rest_route=\/wp\/v2\/posts\/12169","targetHints":{"allow":["GET"]}}],"collection":[{"href":"https:\/\/www.egemtv.com\/index.php?rest_route=\/wp\/v2\/posts"}],"about":[{"href":"https:\/\/www.egemtv.com\/index.php?rest_route=\/wp\/v2\/types\/post"}],"author":[{"embeddable":true,"href":"https:\/\/www.egemtv.com\/index.php?rest_route=\/wp\/v2\/users\/1"}],"replies":[{"embeddable":true,"href":"https:\/\/www.egemtv.com\/index.php?rest_route=%2Fwp%2Fv2%2Fcomments&post=12169"}],"version-history":[{"count":1,"href":"https:\/\/www.egemtv.com\/index.php?rest_route=\/wp\/v2\/posts\/12169\/revisions"}],"predecessor-version":[{"id":12171,"href":"https:\/\/www.egemtv.com\/index.php?rest_route=\/wp\/v2\/posts\/12169\/revisions\/12171"}],"wp:featuredmedia":[{"embeddable":true,"href":"https:\/\/www.egemtv.com\/index.php?rest_route=\/wp\/v2\/media\/12170"}],"wp:attachment":[{"href":"https:\/\/www.egemtv.com\/index.php?rest_route=%2Fwp%2Fv2%2Fmedia&parent=12169"}],"wp:term":[{"taxonomy":"category","embeddable":true,"href":"https:\/\/www.egemtv.com\/index.php?rest_route=%2Fwp%2Fv2%2Fcategories&post=12169"},{"taxonomy":"post_tag","embeddable":true,"href":"https:\/\/www.egemtv.com\/index.php?rest_route=%2Fwp%2Fv2%2Ftags&post=12169"}],"curies":[{"name":"wp","href":"https:\/\/api.w.org\/{rel}","templated":true}]}}