{"id":12166,"date":"2025-01-24T17:19:21","date_gmt":"2025-01-24T14:19:21","guid":{"rendered":"https:\/\/www.egemtv.com\/?p=12166"},"modified":"2025-01-24T17:19:23","modified_gmt":"2025-01-24T14:19:23","slug":"mugla-icin-kuvvetli-yagis-ve-kar-uyarisi","status":"publish","type":"post","link":"https:\/\/www.egemtv.com\/?p=12166","title":{"rendered":"Mu\u011fla i\u00e7in kuvvetli ya\u011f\u0131\u015f ve kar uyar\u0131s\u0131"},"content":{"rendered":"<p>Meteoroloji 4. B\u00f6lge M\u00fcd\u00fcrl\u00fc\u011f\u00fc, Mu\u011fla\u2019da yar\u0131n etkili olmas\u0131 beklenen kuvvetli ya\u011f\u0131\u015flara kar\u015f\u0131 vatanda\u015flar\u0131 uyard\u0131. \u00d6zellikle d\u00fc\u015f\u00fck rak\u0131ml\u0131 b\u00f6lgelerde sa\u011fanak ya\u011f\u0131\u015flar\u0131n etkili olaca\u011f\u0131, y\u00fcksek kesimlerde ise kar ya\u011f\u0131\u015f\u0131n\u0131n g\u00f6r\u00fclebilece\u011fi a\u00e7\u0131kland\u0131.<\/p>\n<p>Yetkililer, vatanda\u015flar\u0131n sel, su bask\u0131n\u0131 ve ula\u015f\u0131mda aksamalar gibi olumsuzluklara kar\u015f\u0131 dikkatli olmalar\u0131n\u0131 istedi. Ayr\u0131ca, kar ya\u011f\u0131\u015f\u0131n\u0131n beklendi\u011fi y\u00fcksek kesimlerde ya\u015fayanlar\u0131n haz\u0131rl\u0131kl\u0131 olmalar\u0131 gerekti\u011fi vurguland\u0131.<br \/>\n<br \/>Mu\u011fla genelinde ya\u011f\u0131\u015flar\u0131n \u00f6zellikle sabah saatlerinden itibaren etkisini art\u0131rmas\u0131 beklenirken, Meteoroloji ekipleri taraf\u0131ndan yap\u0131lan uyar\u0131lar do\u011frultusunda gerekli tedbirlerin al\u0131nmas\u0131 \u00e7a\u011fr\u0131s\u0131nda bulunuldu.<br \/><\/p>\n","protected":false},"excerpt":{"rendered":"<p>Meteoroloji 4. B\u00f6lge M\u00fcd\u00fcrl\u00fc\u011f\u00fc, Mu\u011fla\u2019da yar\u0131n etkili olmas\u0131 beklenen kuvvetli ya\u011f\u0131\u015flara kar\u015f\u0131 vatanda\u015flar\u0131 uyard\u0131. \u00d6zellikle d\u00fc\u015f\u00fck rak\u0131ml\u0131 b\u00f6lgelerde sa\u011fanak ya\u011f\u0131\u015flar\u0131n etkili olaca\u011f\u0131, y\u00fcksek kesimlerde ise kar ya\u011f\u0131\u015f\u0131n\u0131n g\u00f6r\u00fclebilece\u011fi a\u00e7\u0131kland\u0131. Yetkililer, vatanda\u015flar\u0131n sel, su bask\u0131n\u0131 ve ula\u015f\u0131mda aksamalar gibi olumsuzluklara kar\u015f\u0131 dikkatli olmalar\u0131n\u0131 istedi. Ayr\u0131ca, kar ya\u011f\u0131\u015f\u0131n\u0131n beklendi\u011fi y\u00fcksek kesimlerde ya\u015fayanlar\u0131n haz\u0131rl\u0131kl\u0131 olmalar\u0131 gerekti\u011fi vurguland\u0131. Mu\u011fla&#8230;<\/p>\n","protected":false},"author":1,"featured_media":12167,"comment_status":"open","ping_status":"open","sticky":false,"template":"","format":"standard","meta":{"_crdt_document":"","footnotes":""},"categories":[1],"tags":[],"class_list":["post-12166","post","type-post","status-publish","format-standard","has-post-thumbnail","hentry","category-guncel"],"_links":{"self":[{"href":"https:\/\/www.egemtv.com\/index.php?rest_route=\/wp\/v2\/posts\/12166","targetHints":{"allow":["GET"]}}],"collection":[{"href":"https:\/\/www.egemtv.com\/index.php?rest_route=\/wp\/v2\/posts"}],"about":[{"href":"https:\/\/www.egemtv.com\/index.php?rest_route=\/wp\/v2\/types\/post"}],"author":[{"embeddable":true,"href":"https:\/\/www.egemtv.com\/index.php?rest_route=\/wp\/v2\/users\/1"}],"replies":[{"embeddable":true,"href":"https:\/\/www.egemtv.com\/index.php?rest_route=%2Fwp%2Fv2%2Fcomments&post=12166"}],"version-history":[{"count":1,"href":"https:\/\/www.egemtv.com\/index.php?rest_route=\/wp\/v2\/posts\/12166\/revisions"}],"predecessor-version":[{"id":12168,"href":"https:\/\/www.egemtv.com\/index.php?rest_route=\/wp\/v2\/posts\/12166\/revisions\/12168"}],"wp:featuredmedia":[{"embeddable":true,"href":"https:\/\/www.egemtv.com\/index.php?rest_route=\/wp\/v2\/media\/12167"}],"wp:attachment":[{"href":"https:\/\/www.egemtv.com\/index.php?rest_route=%2Fwp%2Fv2%2Fmedia&parent=12166"}],"wp:term":[{"taxonomy":"category","embeddable":true,"href":"https:\/\/www.egemtv.com\/index.php?rest_route=%2Fwp%2Fv2%2Fcategories&post=12166"},{"taxonomy":"post_tag","embeddable":true,"href":"https:\/\/www.egemtv.com\/index.php?rest_route=%2Fwp%2Fv2%2Ftags&post=12166"}],"curies":[{"name":"wp","href":"https:\/\/api.w.org\/{rel}","templated":true}]}}