{"id":12154,"date":"2025-01-24T16:43:17","date_gmt":"2025-01-24T13:43:17","guid":{"rendered":"https:\/\/www.egemtv.com\/?p=12154"},"modified":"2025-01-24T16:43:19","modified_gmt":"2025-01-24T13:43:19","slug":"bodrum-fk-enis-bardhiyi-kadrosuna-katti","status":"publish","type":"post","link":"https:\/\/www.egemtv.com\/?p=12154","title":{"rendered":"Bodrum FK, Enis Bardhi\u2019yi kadrosuna katt\u0131"},"content":{"rendered":"<p>Bodrum FK, son olarak Trabzonspor formas\u0131 giyen 29 ya\u015f\u0131ndaki Kuzey Makedonyal\u0131 orta saha oyuncusu Enis Bardhi\u2019yi sezon sonuna kadar kadrosuna katt\u0131.<br \/>\n<br \/>Ara transfer d\u00f6neminde kadrosunu g\u00fc\u00e7lendirmeye devam eden Bodrum FK, Okita transferinin ard\u0131ndan Bardhi\u2019yi de renklerine ba\u011flad\u0131. 2022 y\u0131l\u0131nda transfer oldu\u011fu Trabzonspor ile ge\u00e7ti\u011fimiz g\u00fcnlerde yollar\u0131n\u0131 ay\u0131ran Bardhi, bordo-mavili formayla 73\u2019\u00fc S\u00fcper Lig olmak \u00fczere toplam 97 kar\u015f\u0131la\u015fmada 14 gol, 7 asist yapt\u0131.<br \/>\n<br \/>Bardhi, ye\u015fil-beyazl\u0131 ekipte 10 numaral\u0131 formay\u0131 giyecek.<\/p>\n<p>&#8220;Sizlerle birlikte bu tak\u0131m \u00e7ok \u00f6zel \u015feyler ba\u015faracak&#8221;<br \/>\n<br \/>Bodrum FK Asba\u015fkan\u0131 Selahattin Polat, sosyal medyadan yapt\u0131\u011f\u0131 a\u00e7\u0131klamada, taraftarlara seslenerek, \u201cSizler bu tak\u0131m\u0131n itici g\u00fcc\u00fcs\u00fcn\u00fcz, en b\u00fcy\u00fck motivasyon kayna\u011f\u0131m\u0131zs\u0131n\u0131z. Enis Bardhi gibi \u00f6nemli bir oyuncuyu sizlerin deste\u011fiyle aram\u0131za katt\u0131k. Sahada terinin son damlas\u0131na kadar m\u00fccadele eden bir ekip kurmak i\u00e7in \u00e7al\u0131\u015f\u0131yoruz ve k\u0131sa s\u00fcre i\u00e7inde 2-3 transfer daha a\u00e7\u0131klayaca\u011f\u0131z. Ancak sadece saha i\u00e7i de\u011fil, saha d\u0131\u015f\u0131 m\u00fccadelede de adil bir ortam istiyoruz. Hakem kararlar\u0131n\u0131n adaletli oldu\u011fu bir ligde, birlikte \u00e7ok daha b\u00fcy\u00fck ba\u015far\u0131lara imza ataca\u011f\u0131m\u0131za inanc\u0131m\u0131z tam. Sizlerle birlikte bu tak\u0131m \u00e7ok \u00f6zel \u015feyler ba\u015faracak\u201d ifadelerini kulland\u0131.<br \/><\/p>\n","protected":false},"excerpt":{"rendered":"<p>Bodrum FK, son olarak Trabzonspor formas\u0131 giyen 29 ya\u015f\u0131ndaki Kuzey Makedonyal\u0131 orta saha oyuncusu Enis Bardhi\u2019yi sezon sonuna kadar kadrosuna katt\u0131. Ara transfer d\u00f6neminde kadrosunu g\u00fc\u00e7lendirmeye devam eden Bodrum FK, Okita transferinin ard\u0131ndan Bardhi\u2019yi de renklerine ba\u011flad\u0131. 2022 y\u0131l\u0131nda transfer oldu\u011fu Trabzonspor ile ge\u00e7ti\u011fimiz g\u00fcnlerde yollar\u0131n\u0131 ay\u0131ran Bardhi, bordo-mavili formayla 73\u2019\u00fc S\u00fcper Lig olmak \u00fczere&#8230;<\/p>\n","protected":false},"author":1,"featured_media":12155,"comment_status":"open","ping_status":"open","sticky":false,"template":"","format":"standard","meta":{"_crdt_document":"","footnotes":""},"categories":[4],"tags":[],"class_list":["post-12154","post","type-post","status-publish","format-standard","has-post-thumbnail","hentry","category-spor"],"_links":{"self":[{"href":"https:\/\/www.egemtv.com\/index.php?rest_route=\/wp\/v2\/posts\/12154","targetHints":{"allow":["GET"]}}],"collection":[{"href":"https:\/\/www.egemtv.com\/index.php?rest_route=\/wp\/v2\/posts"}],"about":[{"href":"https:\/\/www.egemtv.com\/index.php?rest_route=\/wp\/v2\/types\/post"}],"author":[{"embeddable":true,"href":"https:\/\/www.egemtv.com\/index.php?rest_route=\/wp\/v2\/users\/1"}],"replies":[{"embeddable":true,"href":"https:\/\/www.egemtv.com\/index.php?rest_route=%2Fwp%2Fv2%2Fcomments&post=12154"}],"version-history":[{"count":1,"href":"https:\/\/www.egemtv.com\/index.php?rest_route=\/wp\/v2\/posts\/12154\/revisions"}],"predecessor-version":[{"id":12156,"href":"https:\/\/www.egemtv.com\/index.php?rest_route=\/wp\/v2\/posts\/12154\/revisions\/12156"}],"wp:featuredmedia":[{"embeddable":true,"href":"https:\/\/www.egemtv.com\/index.php?rest_route=\/wp\/v2\/media\/12155"}],"wp:attachment":[{"href":"https:\/\/www.egemtv.com\/index.php?rest_route=%2Fwp%2Fv2%2Fmedia&parent=12154"}],"wp:term":[{"taxonomy":"category","embeddable":true,"href":"https:\/\/www.egemtv.com\/index.php?rest_route=%2Fwp%2Fv2%2Fcategories&post=12154"},{"taxonomy":"post_tag","embeddable":true,"href":"https:\/\/www.egemtv.com\/index.php?rest_route=%2Fwp%2Fv2%2Ftags&post=12154"}],"curies":[{"name":"wp","href":"https:\/\/api.w.org\/{rel}","templated":true}]}}