{"id":12148,"date":"2025-01-24T16:34:39","date_gmt":"2025-01-24T13:34:39","guid":{"rendered":"https:\/\/www.egemtv.com\/?p=12148"},"modified":"2025-01-24T16:34:41","modified_gmt":"2025-01-24T13:34:41","slug":"denizlisporda-kaptan-gemiye-geri-dondu","status":"publish","type":"post","link":"https:\/\/www.egemtv.com\/?p=12148","title":{"rendered":"Denizlispor\u2019da kaptan gemiye geri d\u00f6nd\u00fc"},"content":{"rendered":"<p>DEN\u0130ZL\u0130 (\u0130HA) \u2013  TFF Nesine 3. Lig 4. Grup tak\u0131mlar\u0131ndan Denizlispor\u2019da 3 sezon forma giyen kaptan G\u00f6khan S\u00fczen, tak\u0131ma geri g\u00f6nd\u00fc.<\/p>\n<p>2021-2022 sezonunda Denizlispor ile anla\u015fan G\u00f6khan S\u00fczen, 3 sezon boyunca formas\u0131n\u0131 terletti\u011fi ye\u015fil siyahl\u0131 ekipten 2023-2024 futbol sezonunun tamamlanmas\u0131n\u0131n ard\u0131ndan s\u00f6zle\u015fme yenilememi\u015fti. Ge\u00e7en s\u00fcrede Denizlispor\u2019dan ba\u015fka bir tak\u0131m\u0131n formas\u0131n\u0131 giymeyen tecr\u00fcbeli sol bek, devam eden transfer yasa\u011f\u0131 kapsam\u0131na girmeden ra\u011fmen sezon sonuna kadar s\u00f6zle\u015fme imzalad\u0131.<\/p>\n<p>38 ya\u015f\u0131ndaki tecr\u00fcbeli futbolcu G\u00f6khan S\u00fczen, Kul\u00fcp Ba\u015fkan\u0131 Erhan Ergil ve Ba\u015fkan Yard\u0131mc\u0131s\u0131 Abdullah \u00c7\u0131t\u0131\u015fl\u0131 ile yapt\u0131\u011f\u0131 g\u00f6r\u00fc\u015fmenin ard\u0131ndan resmi mukaveleye imza att\u0131. Denizlispor\u2019dan transferle ilgili olarak yap\u0131lan a\u00e7\u0131klamada; \u201cG\u00f6khan S\u00fczen\u2019e tekrardan ho\u015f geldin diyor, ye\u015fil siyah forma alt\u0131nda ba\u015far\u0131lar diliyoruz\u201d denildi.<br \/><\/p>\n","protected":false},"excerpt":{"rendered":"<p>DEN\u0130ZL\u0130 (\u0130HA) \u2013 TFF Nesine 3. Lig 4. Grup tak\u0131mlar\u0131ndan Denizlispor\u2019da 3 sezon forma giyen kaptan G\u00f6khan S\u00fczen, tak\u0131ma geri g\u00f6nd\u00fc. 2021-2022 sezonunda Denizlispor ile anla\u015fan G\u00f6khan S\u00fczen, 3 sezon boyunca formas\u0131n\u0131 terletti\u011fi ye\u015fil siyahl\u0131 ekipten 2023-2024 futbol sezonunun tamamlanmas\u0131n\u0131n ard\u0131ndan s\u00f6zle\u015fme yenilememi\u015fti. Ge\u00e7en s\u00fcrede Denizlispor\u2019dan ba\u015fka bir tak\u0131m\u0131n formas\u0131n\u0131 giymeyen tecr\u00fcbeli sol bek, devam&#8230;<\/p>\n","protected":false},"author":1,"featured_media":12149,"comment_status":"open","ping_status":"open","sticky":false,"template":"","format":"standard","meta":{"_crdt_document":"","footnotes":""},"categories":[4],"tags":[],"class_list":["post-12148","post","type-post","status-publish","format-standard","has-post-thumbnail","hentry","category-spor"],"_links":{"self":[{"href":"https:\/\/www.egemtv.com\/index.php?rest_route=\/wp\/v2\/posts\/12148","targetHints":{"allow":["GET"]}}],"collection":[{"href":"https:\/\/www.egemtv.com\/index.php?rest_route=\/wp\/v2\/posts"}],"about":[{"href":"https:\/\/www.egemtv.com\/index.php?rest_route=\/wp\/v2\/types\/post"}],"author":[{"embeddable":true,"href":"https:\/\/www.egemtv.com\/index.php?rest_route=\/wp\/v2\/users\/1"}],"replies":[{"embeddable":true,"href":"https:\/\/www.egemtv.com\/index.php?rest_route=%2Fwp%2Fv2%2Fcomments&post=12148"}],"version-history":[{"count":1,"href":"https:\/\/www.egemtv.com\/index.php?rest_route=\/wp\/v2\/posts\/12148\/revisions"}],"predecessor-version":[{"id":12150,"href":"https:\/\/www.egemtv.com\/index.php?rest_route=\/wp\/v2\/posts\/12148\/revisions\/12150"}],"wp:featuredmedia":[{"embeddable":true,"href":"https:\/\/www.egemtv.com\/index.php?rest_route=\/wp\/v2\/media\/12149"}],"wp:attachment":[{"href":"https:\/\/www.egemtv.com\/index.php?rest_route=%2Fwp%2Fv2%2Fmedia&parent=12148"}],"wp:term":[{"taxonomy":"category","embeddable":true,"href":"https:\/\/www.egemtv.com\/index.php?rest_route=%2Fwp%2Fv2%2Fcategories&post=12148"},{"taxonomy":"post_tag","embeddable":true,"href":"https:\/\/www.egemtv.com\/index.php?rest_route=%2Fwp%2Fv2%2Ftags&post=12148"}],"curies":[{"name":"wp","href":"https:\/\/api.w.org\/{rel}","templated":true}]}}