{"id":12145,"date":"2025-01-24T16:34:36","date_gmt":"2025-01-24T13:34:36","guid":{"rendered":"https:\/\/www.egemtv.com\/?p=12145"},"modified":"2025-01-24T16:34:38","modified_gmt":"2025-01-24T13:34:38","slug":"tarihci-ilbey-ortayli-kutuphanesini-muglaya-bagisladi","status":"publish","type":"post","link":"https:\/\/www.egemtv.com\/?p=12145","title":{"rendered":"Tarih\u00e7i \u0130lbey Ortayl\u0131 k\u00fct\u00fcphanesini Mu\u011fla\u2019ya ba\u011f\u0131\u015flad\u0131"},"content":{"rendered":"<p>Mu\u011fla B\u00fcy\u00fck\u015fehir Belediye Ba\u015fkan\u0131 Ahmet Arasarih\u00e7i, Tarih\u00e7i Prof. Dr. \u0130lber Ortayl\u0131\u2019n\u0131n k\u00fct\u00fcphanesini Mu\u011fla\u2019ya ba\u011f\u0131\u015flad\u0131\u011f\u0131n\u0131 a\u00e7\u0131klad\u0131.<br \/>\n<br \/>\u0130lber Ortayl\u0131 K\u00fct\u00fcphanesi ve Cengiz Bekta\u015f Kent Belle\u011fi M\u00fczesi ve Mu\u011fla\u2019n\u0131n 13 il\u00e7esinin \u00f6zelliklerini ta\u015f\u0131yan mini bir k\u00fclt\u00fcrel park projesi i\u00e7in Mu\u011fla\u2019ya gelen Prof. Dr. \u0130lber Ortayl\u0131\u2019ya projeler hakk\u0131nda bilgi verildi.<\/p>\n<p>\u201cEski banka binas\u0131 \u00f6zel bir i\u015flev kazanacak\u201d<br \/>\n<br \/>Toplant\u0131da konu\u015fan Mente\u015fe Belediye Ba\u015fkan\u0131 Gonca K\u00f6ksal, projelerin \u00f6nemine vurgu yaparak, \u015funlar\u0131 s\u00f6yledi: \u201c<br \/>\n<br \/>&#8220;Mu\u011fla\u2019m\u0131zda \u00e7ok \u00f6nemli \u00fc\u00e7 projenin bug\u00fcn burada ilk ad\u0131mlar\u0131 at\u0131l\u0131yor. Bu k\u0131ymetli mekanlar\u0131 \u015fehrimize kazand\u0131rmak i\u00e7in Mu\u011fla B\u00fcy\u00fck\u015fehir Belediye Ba\u015fkan\u0131m\u0131z Ahmet Aras b\u00fcy\u00fck ad\u0131mlar att\u0131. Bug\u00fcn, Alper hocam\u0131z ve \u0130lber hocam\u0131zla birlikte bu projeleri de\u011ferlendirmeye ba\u015flad\u0131k ve bir\u00e7ok somut geli\u015fme kaydettik. Halk Bankas\u0131 binam\u0131z \u015fehrimizin tam merkezinde Cumhuriyet meydan\u0131nda \u00e7ok \u00f6zel bir yap\u0131 olarak yeniden i\u015flev kazanacak. Cengiz Bekta\u015f Kent Belle\u011fi M\u00fczesi\u2019ne ev sahipli\u011fi yapacak. Burada Mu\u011fla\u2019n\u0131n binlerce y\u0131ll\u0131k tarihini, k\u00fclt\u00fcr\u00fcn\u00fc ve do\u011fas\u0131n\u0131 bir arada tan\u0131taca\u011f\u0131z. Ayn\u0131 zamanda bu alanda bir mini Mu\u011fla Park\u0131 g\u00fcndeme getirdik bug\u00fcn.\u201d<\/p>\n<p>\u201c\u0130lber hocam\u0131z k\u00fct\u00fcphanesini Mu\u011fla\u2019ya ba\u011f\u0131\u015flad\u0131\u201d<br \/>\n<br \/>Mu\u011fla B\u00fcy\u00fck\u015fehir Belediye Ba\u015fkan\u0131 Ahmet Aras ise projelerin ayr\u0131nt\u0131lar\u0131 hakk\u0131nda bilgi verirken, \u015fehrin merkezinde bulunan eski banka binas\u0131nda a\u00e7\u0131lacak \u2018\u0130lber Ortayl\u0131 K\u00fct\u00fcphanesi\u2019 i\u00e7in \u0130lber Hocan\u0131n k\u00fct\u00fcphanesini Mu\u011fla\u2019ya ba\u011f\u0131\u015flad\u0131\u011f\u0131n\u0131 a\u00e7\u0131klad\u0131. Ba\u015fkan Aras, \u201cMu\u011fla\u2019da neler yapabilece\u011fimizi hocam\u0131z\u0131n rehberli\u011finde asl\u0131nda biraz da onun bize yol g\u00f6stermesiyle tespit etmek istedik. Hedefimiz \u00f6zellikle Mu\u011fla\u2019m\u0131z\u0131n kadim tarihini ve b\u00fct\u00fcn niteliklerini bunu e\u011fitimle birle\u015ftirmek, bunu turizmle birle\u015ftirmek. Ataca\u011f\u0131m\u0131z ad\u0131mlarla yine Mente\u015fe\u2019nin de \u015fu Mu\u011fla\u2019n\u0131n genel olarak turizmden ald\u0131\u011f\u0131 paydan da en az\u0131ndan bir par\u00e7a da olsun alabilmesini sa\u011flamak. Yani ekonomik olarak da yine baz\u0131 katk\u0131lar\u0131 kentimize ta\u015f\u0131yabilmek. \u015eimdi Halk Bankas\u0131 binam\u0131z\u0131 biliyorsunuz sat\u0131n alm\u0131\u015ft\u0131k. Halk Bankas\u0131 binam\u0131zda biz ilk g\u00fcnden beri zaten k\u0131ymetli hocamla g\u00f6r\u00fc\u015f\u00fcp buran\u0131n fonksiyonu ne olur diye d\u00fc\u015f\u00fcn\u00fcrken sa\u011f olsun bize kendi k\u00fct\u00fcphanesini ba\u011f\u0131\u015flamay\u0131 taahh\u00fct etti hocam\u0131z ve onu kabul etti. \u00c7ok te\u015fekk\u00fcr ediyoruz. Bu \u00e7ok k\u0131ymetli bir hediye olacak bizim i\u00e7in ve gelecek nesillerimiz i\u00e7in ve orada bir yine k\u00fclt\u00fcr merkezi ve k\u00fct\u00fcphane olacak ve ismi de \u00e7ok k\u0131ymetli hocam\u0131z \u0130lber Ortayl\u0131 olacak ve oras\u0131 bir ara\u015ft\u0131rma merkezi gibi de ayn\u0131 zamanda tabii kullan\u0131lacak, bir tan\u0131t\u0131m ara\u015ft\u0131rma merkezi gibi tam da Mu\u011fla\u2019m\u0131z\u0131n kalbinde. Cumhuriyet Meydan\u0131\u2019nda bu m\u00fczeyi, daha do\u011frusu k\u00fct\u00fcphaneyi ve k\u00fclt\u00fcr merkezini faaliyete ge\u00e7irmi\u015f olaca\u011f\u0131z\u201d diye konu\u015ftu.<\/p>\n<p>13 il\u00e7emizi tan\u0131tan bir mini park yapaca\u011f\u0131z\u201d<br \/>\n<br \/>B\u00fcy\u00fck\u015fehir Belediye Ba\u015fkan\u0131 Aras, \u201cYine ikinci ad\u0131m\u0131m\u0131z Cengiz Bekta\u015f B\u00f6lge M\u00fczesi olarak ba\u015flanan m\u00fczemiz. Buras\u0131 \u00e7ok aktif bir yer olacak. Yani \u00e7ok fonksiyonlu bir mekan olacak. Oras\u0131 tamamen bir ilim-irfan yuvas\u0131 olacak bana g\u00f6re. \u00c7\u00fcnk\u00fc hem kentin tarihi ve do\u011fas\u0131n\u0131 orada tan\u0131t\u0131rken bir taraftan da e\u011fitim de devam edecek. Ayn\u0131 zamanda da planlama ajans\u0131, yani Mu\u011fla\u2019n\u0131n gelece\u011fi planlanacak. \u00c7ok fonksiyonlu bir merkez olacak. Bunun i\u00e7in Alper \u00c7\u0131nar Hocam ve ekibi de bir \u00e7al\u0131\u015fma yapt\u0131. Tabii bunu de\u011ferli \u0130lber Hocam\u0131z\u0131n rehberli\u011finde geli\u015ftirmeye devam ediyoruz. Yine Mu\u011fla\u2019m\u0131z\u0131n merkezinde, yine tam da bizim Cengiz Bekta\u015f kent belle\u011fi ve m\u00fczemizin kenar\u0131nda da, yan\u0131ndaki parselde de Mu\u011fla\u2019m\u0131z\u0131n 13 il\u00e7esinin yine en \u00f6nemli niteliklerini, \u00f6zelliklerini ta\u015f\u0131yan bir mini park yapaca\u011f\u0131z. Miniat\u00fcrk gibi d\u00fc\u015f\u00fcn\u00fcn. \u015eimdi burada da bir k\u00fclt\u00fcrel park olacak. Bundan sonraki b\u00fct\u00fcn \u00e7al\u0131\u015fmalar\u0131m\u0131zda da \u00e7ok k\u0131ymetli hocam bize rehberlik yapaca\u011f\u0131n\u0131 zaten s\u00f6yledi. Bu bizim i\u00e7in \u00e7ok k\u0131ymetli\u201d dedi.<\/p>\n<p>\u201cTurizmin k\u0131ya\u011f\u0131 az ve paral\u0131 turist de olur\u201d<br \/>\n<br \/>Mu\u011fla\u2019n\u0131n s\u00fcrekli olarak g\u00f6\u00e7 alan bir il oldu\u011funu ve su s\u0131k\u0131nt\u0131s\u0131n\u0131n ya\u015fand\u0131\u011f\u0131n\u0131 belirten Prof. Dr. \u0130lber Ortayl\u0131, az ama paral\u0131 turistin tercih edilmesi gerekti\u011fini a\u00e7\u0131klad\u0131. Ortayl\u0131, \u201cBuran\u0131n istikbali akl\u0131 ba\u015f\u0131nda turist ve akl\u0131 ba\u015f\u0131nda sakin. Yani buraya gelen insan burada Yunan Adas\u0131\u2019ndaki insanlar gibi bak\u0131n. Bunlar\u0131n \u00fczerinde durulmuyor hi\u00e7. B\u00f6yle bir turizm. Efendim turizmin k\u0131ya\u011f\u0131 az ve paral\u0131 turist de olur. Cahil insanlar harabelerinizi gezmeye kalkarsa sadece \u00e7\u00f6p kald\u0131r\u0131rs\u0131n\u0131z\u201d ifadelerini kulland\u0131.<br \/><\/p>\n","protected":false},"excerpt":{"rendered":"<p>Mu\u011fla B\u00fcy\u00fck\u015fehir Belediye Ba\u015fkan\u0131 Ahmet Arasarih\u00e7i, Tarih\u00e7i Prof. Dr. \u0130lber Ortayl\u0131\u2019n\u0131n k\u00fct\u00fcphanesini Mu\u011fla\u2019ya ba\u011f\u0131\u015flad\u0131\u011f\u0131n\u0131 a\u00e7\u0131klad\u0131. \u0130lber Ortayl\u0131 K\u00fct\u00fcphanesi ve Cengiz Bekta\u015f Kent Belle\u011fi M\u00fczesi ve Mu\u011fla\u2019n\u0131n 13 il\u00e7esinin \u00f6zelliklerini ta\u015f\u0131yan mini bir k\u00fclt\u00fcrel park projesi i\u00e7in Mu\u011fla\u2019ya gelen Prof. Dr. \u0130lber Ortayl\u0131\u2019ya projeler hakk\u0131nda bilgi verildi. \u201cEski banka binas\u0131 \u00f6zel bir i\u015flev kazanacak\u201d Toplant\u0131da konu\u015fan&#8230;<\/p>\n","protected":false},"author":1,"featured_media":12146,"comment_status":"open","ping_status":"open","sticky":false,"template":"","format":"standard","meta":{"_crdt_document":"","footnotes":""},"categories":[1],"tags":[],"class_list":["post-12145","post","type-post","status-publish","format-standard","has-post-thumbnail","hentry","category-guncel"],"_links":{"self":[{"href":"https:\/\/www.egemtv.com\/index.php?rest_route=\/wp\/v2\/posts\/12145","targetHints":{"allow":["GET"]}}],"collection":[{"href":"https:\/\/www.egemtv.com\/index.php?rest_route=\/wp\/v2\/posts"}],"about":[{"href":"https:\/\/www.egemtv.com\/index.php?rest_route=\/wp\/v2\/types\/post"}],"author":[{"embeddable":true,"href":"https:\/\/www.egemtv.com\/index.php?rest_route=\/wp\/v2\/users\/1"}],"replies":[{"embeddable":true,"href":"https:\/\/www.egemtv.com\/index.php?rest_route=%2Fwp%2Fv2%2Fcomments&post=12145"}],"version-history":[{"count":1,"href":"https:\/\/www.egemtv.com\/index.php?rest_route=\/wp\/v2\/posts\/12145\/revisions"}],"predecessor-version":[{"id":12147,"href":"https:\/\/www.egemtv.com\/index.php?rest_route=\/wp\/v2\/posts\/12145\/revisions\/12147"}],"wp:featuredmedia":[{"embeddable":true,"href":"https:\/\/www.egemtv.com\/index.php?rest_route=\/wp\/v2\/media\/12146"}],"wp:attachment":[{"href":"https:\/\/www.egemtv.com\/index.php?rest_route=%2Fwp%2Fv2%2Fmedia&parent=12145"}],"wp:term":[{"taxonomy":"category","embeddable":true,"href":"https:\/\/www.egemtv.com\/index.php?rest_route=%2Fwp%2Fv2%2Fcategories&post=12145"},{"taxonomy":"post_tag","embeddable":true,"href":"https:\/\/www.egemtv.com\/index.php?rest_route=%2Fwp%2Fv2%2Ftags&post=12145"}],"curies":[{"name":"wp","href":"https:\/\/api.w.org\/{rel}","templated":true}]}}