{"id":12142,"date":"2025-01-24T16:04:45","date_gmt":"2025-01-24T13:04:45","guid":{"rendered":"https:\/\/www.egemtv.com\/?p=12142"},"modified":"2025-01-24T16:04:48","modified_gmt":"2025-01-24T13:04:48","slug":"baskan-cercioglundan-bozdogana-806-milyon-tl-degerinde-yatirim","status":"publish","type":"post","link":"https:\/\/www.egemtv.com\/?p=12142","title":{"rendered":"Ba\u015fkan \u00c7er\u00e7io\u011flu\u2019ndan Bozdo\u011fan\u2019a 806 milyon TL de\u011ferinde yat\u0131r\u0131m"},"content":{"rendered":"<p>Ayd\u0131n B\u00fcy\u00fck\u015fehir Belediyesi ve ASK\u0130 ekiplerince Bozdo\u011fan il\u00e7esinde bug\u00fcne kadar g\u00fcncel rakamlarla 806 TL de\u011ferinde yat\u0131r\u0131m yap\u0131ld\u0131.<\/p>\n<p>Ayd\u0131n B\u00fcy\u00fck\u015fehir Belediyesi Su ve Kanalizasyon \u0130daresi (ASK\u0130) Genel M\u00fcd\u00fcr\u00fc Hakan Olka\u00e7, Genel Sekreter Yard\u0131mc\u0131lar\u0131 Zafer U\u00e7ar ve Burak \u00d6rnek ile Fen \u0130\u015fleri Dairesi Ba\u015fkan\u0131 Ufuk Serdar \u00d6zmen, Bozdo\u011fan Belediye Ba\u015fkan\u0131 Mustafa Galip \u00d6zel\u2019i ziyaret ederek Ayd\u0131n B\u00fcy\u00fck\u015fehir Belediye Ba\u015fkan\u0131 \u00d6zlem \u00c7er\u00e7io\u011flu taraf\u0131ndan Bozdo\u011fan il\u00e7esine ger\u00e7ekle\u015ftirilen yat\u0131r\u0131m ve \u00e7al\u0131\u015fmalar\u0131 de\u011ferlendirdi.<\/p>\n<p>Ziyarette, Ba\u015fkan \u00c7er\u00e7io\u011flu taraf\u0131ndan Bozdo\u011fan il\u00e7esine kazand\u0131r\u0131lan g\u00fcncel de\u011ferle 806 milyon T\u00fcrk Liras\u0131 de\u011ferindeki yat\u0131r\u0131mlar de\u011ferlendirildi. B\u00fcy\u00fck\u015fehir Belediyesi ve ASK\u0130, Bozdo\u011fan\u2019\u0131n d\u00f6rt bir yan\u0131nda 286 kilometre uzunlu\u011funda altyap\u0131 ve 378,5 kilometre uzunlu\u011funda yol \u00e7al\u0131\u015fmas\u0131n\u0131 tamamlayarak il\u00e7e halk\u0131na kazand\u0131rd\u0131.<\/p>\n<p>Belediye Ba\u015fkan\u0131 Mustafa Galip \u00d6zel, Bozdo\u011fan\u2019a kazand\u0131r\u0131lan B\u00fcy\u00fck\u015fehir Belediyesi Hizmet Binas\u0131, Kat\u0131 At\u0131k Aktarma \u0130stasyonu, At\u0131k Su Ar\u0131tma Tesisi, Ata tohumlar\u0131ndan fide \u00fcretimi ger\u00e7ekle\u015ftirilen Yerel Tar\u0131m \u00dcr\u00fcnleri Seras\u0131 ile Arapap\u0131\u015ft\u0131 Kanyonu nedeniyle Ba\u015fkan \u00c7er\u00e7io\u011flu\u2019na te\u015fekk\u00fcr etti.<\/p>\n<p>B\u00fcrokratlar, ziyaretin ard\u0131ndan il\u00e7ede g\u00f6rev yapan B\u00fcy\u00fck\u015fehir Belediyesi ve ASK\u0130\u2019ye ba\u011fl\u0131 birimleri gezdi. Bozdo\u011fanl\u0131lardan gelen talep ve \u00f6nerilerin ele al\u0131nd\u0131\u011f\u0131 ziyaretlerde vatanda\u015flar\u0131n g\u00f6r\u00fc\u015fleri, \u00f6n\u00fcm\u00fczdeki g\u00fcnlerde hayata ge\u00e7irilecek yat\u0131r\u0131mlar i\u00e7in de\u011ferlendirildi.<\/p>\n<p>\u201cAyd\u0131n\u0131m\u0131z\u0131n t\u00fcm il\u00e7elerinde \u00e7al\u0131\u015fmalar\u0131m\u0131z\u0131 s\u00fcrd\u00fcrece\u011fiz\u201d<br \/>\n<br \/>Ba\u015fkan \u00c7er\u00e7io\u011flu, B\u00fcy\u00fck\u015fehir Belediyesi ve ASK\u0130 taraf\u0131ndan ger\u00e7ekle\u015ftirilen yat\u0131r\u0131m ve \u00e7al\u0131\u015fmalar\u0131n devam edece\u011fini belirterek, \u201cG\u00fczel Ayd\u0131n\u0131m\u0131z\u0131n t\u00fcm il\u00e7elerinde oldu\u011fu gibi Bozdo\u011fan\u2019da da \u00e7al\u0131\u015fmalar\u0131m\u0131za h\u0131z kesmeden devam ediyoruz. Yat\u0131r\u0131mlar\u0131m\u0131z, projelerimiz, \u00e7al\u0131\u015fmalar\u0131m\u0131z ve hizmetlerimiz ile hem\u015fehrilerimizin yan\u0131nda oluyor, kentimize de\u011fer kat\u0131yoruz. \u00c7al\u0131\u015fmalar\u0131m\u0131za devam edece\u011fiz\u201d ifadelerini kulland\u0131.<br \/><\/p>\n","protected":false},"excerpt":{"rendered":"<p>Ayd\u0131n B\u00fcy\u00fck\u015fehir Belediyesi ve ASK\u0130 ekiplerince Bozdo\u011fan il\u00e7esinde bug\u00fcne kadar g\u00fcncel rakamlarla 806 TL de\u011ferinde yat\u0131r\u0131m yap\u0131ld\u0131. Ayd\u0131n B\u00fcy\u00fck\u015fehir Belediyesi Su ve Kanalizasyon \u0130daresi (ASK\u0130) Genel M\u00fcd\u00fcr\u00fc Hakan Olka\u00e7, Genel Sekreter Yard\u0131mc\u0131lar\u0131 Zafer U\u00e7ar ve Burak \u00d6rnek ile Fen \u0130\u015fleri Dairesi Ba\u015fkan\u0131 Ufuk Serdar \u00d6zmen, Bozdo\u011fan Belediye Ba\u015fkan\u0131 Mustafa Galip \u00d6zel\u2019i ziyaret ederek Ayd\u0131n B\u00fcy\u00fck\u015fehir&#8230;<\/p>\n","protected":false},"author":1,"featured_media":12143,"comment_status":"open","ping_status":"open","sticky":false,"template":"","format":"standard","meta":{"_crdt_document":"","footnotes":""},"categories":[125],"tags":[],"class_list":["post-12142","post","type-post","status-publish","format-standard","has-post-thumbnail","hentry","category-ekonomi"],"_links":{"self":[{"href":"https:\/\/www.egemtv.com\/index.php?rest_route=\/wp\/v2\/posts\/12142","targetHints":{"allow":["GET"]}}],"collection":[{"href":"https:\/\/www.egemtv.com\/index.php?rest_route=\/wp\/v2\/posts"}],"about":[{"href":"https:\/\/www.egemtv.com\/index.php?rest_route=\/wp\/v2\/types\/post"}],"author":[{"embeddable":true,"href":"https:\/\/www.egemtv.com\/index.php?rest_route=\/wp\/v2\/users\/1"}],"replies":[{"embeddable":true,"href":"https:\/\/www.egemtv.com\/index.php?rest_route=%2Fwp%2Fv2%2Fcomments&post=12142"}],"version-history":[{"count":1,"href":"https:\/\/www.egemtv.com\/index.php?rest_route=\/wp\/v2\/posts\/12142\/revisions"}],"predecessor-version":[{"id":12144,"href":"https:\/\/www.egemtv.com\/index.php?rest_route=\/wp\/v2\/posts\/12142\/revisions\/12144"}],"wp:featuredmedia":[{"embeddable":true,"href":"https:\/\/www.egemtv.com\/index.php?rest_route=\/wp\/v2\/media\/12143"}],"wp:attachment":[{"href":"https:\/\/www.egemtv.com\/index.php?rest_route=%2Fwp%2Fv2%2Fmedia&parent=12142"}],"wp:term":[{"taxonomy":"category","embeddable":true,"href":"https:\/\/www.egemtv.com\/index.php?rest_route=%2Fwp%2Fv2%2Fcategories&post=12142"},{"taxonomy":"post_tag","embeddable":true,"href":"https:\/\/www.egemtv.com\/index.php?rest_route=%2Fwp%2Fv2%2Ftags&post=12142"}],"curies":[{"name":"wp","href":"https:\/\/api.w.org\/{rel}","templated":true}]}}