{"id":12139,"date":"2025-01-24T15:56:20","date_gmt":"2025-01-24T12:56:20","guid":{"rendered":"https:\/\/www.egemtv.com\/?p=12139"},"modified":"2025-01-24T15:56:23","modified_gmt":"2025-01-24T12:56:23","slug":"menfez-calismasi-nedeniyle-durdurulan-tren-seferleri-basladi","status":"publish","type":"post","link":"https:\/\/www.egemtv.com\/?p=12139","title":{"rendered":"Menfez \u00e7al\u0131\u015fmas\u0131 nedeniyle durdurulan tren seferleri ba\u015flad\u0131"},"content":{"rendered":"<p>T\u00fcrkiye\u2019nin ilk demir yolu hatt\u0131n\u0131n yap\u0131ld\u0131\u011f\u0131 Ayd\u0131n\u2019da \u00e7\u00f6kme tehlikesi bulunan bir menfezde onar\u0131m \u00e7al\u0131\u015fmas\u0131 nedeniyle bir s\u00fcredir duran ula\u015f\u0131m yeniden ba\u015flad\u0131.<\/p>\n<p>Devlet Demir Yollar\u0131, Germencik ile \u0130ncirliova il\u00e7esi aras\u0131ndaki b\u00f6l\u00fcmde demiryolu hatt\u0131n\u0131 yenileme \u00e7al\u0131\u015fmas\u0131 bir s\u00fcredir ger\u00e7ekle\u015ftiriyor. Mevcut hatt\u0131 yenilemek i\u00e7in ikinci bir  hat haz\u0131rlay\u0131p ula\u015f\u0131m\u0131n aksamamas\u0131 i\u00e7in \u00e7al\u0131\u015fan ekipler, Erbeyli Mahallesi yak\u0131nlar\u0131nda bir menfezi g\u00fc\u00e7lendirme \u00e7al\u0131\u015fmas\u0131 ger\u00e7ekle\u015ftirdi. G\u00fc\u00e7lendirme \u00e7al\u0131\u015fmas\u0131 nedeniyle \u0130zmir, Ayd\u0131n ve Denizli tren seferlerinde k\u0131sa s\u00fcreli\u011fine aksama ya\u015fand\u0131. Ekiplerin i\u015f makineleri e\u015fli\u011finde h\u0131zl\u0131ca y\u00fcr\u00fctt\u00fc\u011f\u00fc \u00e7al\u0131\u015fma sonucu menfezin g\u00fc\u00e7lendirme \u00e7al\u0131\u015fmas\u0131 k\u0131sa s\u00fcrede tamamland\u0131. Menfezde \u00e7al\u0131\u015fmalar\u0131n tamamlanmas\u0131n\u0131n ard\u0131ndan demir yolu ula\u015f\u0131m\u0131 yeniden ba\u015flad\u0131. Ekiplerin kontrol\u00fcnde \u0130zmir-Denizli seferini yapan bir tren kontroll\u00fc bir \u015fekilde ge\u00e7i\u015fi sa\u011fland\u0131.<br \/><\/p>\n","protected":false},"excerpt":{"rendered":"<p>T\u00fcrkiye\u2019nin ilk demir yolu hatt\u0131n\u0131n yap\u0131ld\u0131\u011f\u0131 Ayd\u0131n\u2019da \u00e7\u00f6kme tehlikesi bulunan bir menfezde onar\u0131m \u00e7al\u0131\u015fmas\u0131 nedeniyle bir s\u00fcredir duran ula\u015f\u0131m yeniden ba\u015flad\u0131. Devlet Demir Yollar\u0131, Germencik ile \u0130ncirliova il\u00e7esi aras\u0131ndaki b\u00f6l\u00fcmde demiryolu hatt\u0131n\u0131 yenileme \u00e7al\u0131\u015fmas\u0131 bir s\u00fcredir ger\u00e7ekle\u015ftiriyor. Mevcut hatt\u0131 yenilemek i\u00e7in ikinci bir hat haz\u0131rlay\u0131p ula\u015f\u0131m\u0131n aksamamas\u0131 i\u00e7in \u00e7al\u0131\u015fan ekipler, Erbeyli Mahallesi yak\u0131nlar\u0131nda bir menfezi&#8230;<\/p>\n","protected":false},"author":1,"featured_media":12140,"comment_status":"open","ping_status":"open","sticky":false,"template":"","format":"standard","meta":{"_crdt_document":"","footnotes":""},"categories":[1],"tags":[],"class_list":["post-12139","post","type-post","status-publish","format-standard","has-post-thumbnail","hentry","category-guncel"],"_links":{"self":[{"href":"https:\/\/www.egemtv.com\/index.php?rest_route=\/wp\/v2\/posts\/12139","targetHints":{"allow":["GET"]}}],"collection":[{"href":"https:\/\/www.egemtv.com\/index.php?rest_route=\/wp\/v2\/posts"}],"about":[{"href":"https:\/\/www.egemtv.com\/index.php?rest_route=\/wp\/v2\/types\/post"}],"author":[{"embeddable":true,"href":"https:\/\/www.egemtv.com\/index.php?rest_route=\/wp\/v2\/users\/1"}],"replies":[{"embeddable":true,"href":"https:\/\/www.egemtv.com\/index.php?rest_route=%2Fwp%2Fv2%2Fcomments&post=12139"}],"version-history":[{"count":1,"href":"https:\/\/www.egemtv.com\/index.php?rest_route=\/wp\/v2\/posts\/12139\/revisions"}],"predecessor-version":[{"id":12141,"href":"https:\/\/www.egemtv.com\/index.php?rest_route=\/wp\/v2\/posts\/12139\/revisions\/12141"}],"wp:featuredmedia":[{"embeddable":true,"href":"https:\/\/www.egemtv.com\/index.php?rest_route=\/wp\/v2\/media\/12140"}],"wp:attachment":[{"href":"https:\/\/www.egemtv.com\/index.php?rest_route=%2Fwp%2Fv2%2Fmedia&parent=12139"}],"wp:term":[{"taxonomy":"category","embeddable":true,"href":"https:\/\/www.egemtv.com\/index.php?rest_route=%2Fwp%2Fv2%2Fcategories&post=12139"},{"taxonomy":"post_tag","embeddable":true,"href":"https:\/\/www.egemtv.com\/index.php?rest_route=%2Fwp%2Fv2%2Ftags&post=12139"}],"curies":[{"name":"wp","href":"https:\/\/api.w.org\/{rel}","templated":true}]}}