{"id":12136,"date":"2025-01-24T15:52:05","date_gmt":"2025-01-24T12:52:05","guid":{"rendered":"https:\/\/www.egemtv.com\/?p=12136"},"modified":"2025-01-24T15:52:07","modified_gmt":"2025-01-24T12:52:07","slug":"denizlide-emekliye-cay-bedava-oldu","status":"publish","type":"post","link":"https:\/\/www.egemtv.com\/?p=12136","title":{"rendered":"Denizli\u2019de emekliye \u00e7ay bedava oldu"},"content":{"rendered":"<p>Denizli B\u00fcy\u00fck\u015fehir Belediyesi, emeklilerin sosyalle\u015fip kaliteli zaman ge\u00e7irebilece\u011fi kentin ilk emekli evini d\u00fczenlenen t\u00f6renle hizmete a\u00e7t\u0131.  Emeklilere \u00f6zel tesiste \u00e7ay\u0131 \u00fccretsiz yapan Ba\u015fkan \u00c7avu\u015fo\u011flu, kent lokantas\u0131n\u0131n yeni \u015fubesinden kad\u0131nlara \u00f6zel k\u0131raathaneye,  kent market \u015fubelerinden seyyar market ve kiosk b\u00fcfe uygulamalar\u0131na dek uzanan pek \u00e7ok sosyal projenin k\u0131sa s\u00fcrede kente kazand\u0131r\u0131laca\u011f\u0131n\u0131 m\u00fcjdeledi.<\/p>\n<p>Sosyal belediyecilik alan\u0131nda yapt\u0131\u011f\u0131 \u00e7al\u0131\u015fmalarla herkesin takdirini kazanan Denizli B\u00fcy\u00fck\u015fehir Belediyesi, emekli yurtta\u015flar\u0131n sosyalle\u015fip \u00fccretsiz \u00e7ay i\u00e7ebilece\u011fi ve kaliteli zaman ge\u00e7irebilece\u011fi kentin ilk Emekli Evim\u2019i d\u00fczenlenen muhte\u015fem bir t\u00f6renle a\u00e7t\u0131. Alt\u0131ntop Mahallesi\u2019nde d\u00fczenlenen t\u00f6rene Denizli Milletvekili \u015eeref Arpac\u0131, Denizli B\u00fcy\u00fck\u015fehir Belediye Ba\u015fkan\u0131 B\u00fclent Nuri \u00c7avu\u015fo\u011flu, Ba\u015fkanvekili Ali Mar\u0131m, CHP Denizli \u0130l Ba\u015fkan\u0131 Ali Osman Horzum, Merkezefendi Belediye Ba\u015fkan\u0131 \u015eeniz Do\u011fan, Pamukkale Belediye Ba\u015fkan\u0131 Ali R\u0131za Ertemur, Honaz Belediye Ba\u015fkan\u0131 Y\u00fcksel Kepenek, Beya\u011fa\u00e7 Belediye Ba\u015fkan\u0131 Sezayi P\u00fct\u00fcn, B\u00fcy\u00fck\u015fehir Belediyesi Genel Sekreteri B\u00fclent Bozba\u015f, DESK\u0130 Genel M\u00fcd\u00fcr\u00fc Egemen Emre Be\u015fli, BELTA\u015e Genel M\u00fcd\u00fcr\u00fc \u0130brahim Do\u011fan, davetliler, emekliler ve \u00e7ok say\u0131da vatanda\u015f kat\u0131ld\u0131.<\/p>\n<p>Sayg\u0131 duru\u015funda bulunulup \u0130stiklal Mar\u015f\u0131\u2019n\u0131n okunmas\u0131n\u0131n ard\u0131ndan a\u00e7\u0131l\u0131\u015f konu\u015fmas\u0131 yapan Ba\u015fkan B\u00fclent Nuri \u00c7avu\u015fo\u011flu, g\u00f6reve geldikleri ilk g\u00fcnden bu yana herkesin mutlu olaca\u011f\u0131, her kesimin y\u00fcz\u00fcn\u00fcn g\u00fcld\u00fc\u011f\u00fc bir \u015fehir hayali i\u00e7in \u00e7al\u0131\u015ft\u0131klar\u0131n\u0131 s\u00f6yledi. Gen\u00e7lerden \u00e7ocuklara, \u00fcreticilerden emeklilere, kad\u0131nlardan \u00f6\u011frencilere her kesime bu \u015fehrin kaynaklar\u0131 ile dokunmaya \u00e7al\u0131\u015ft\u0131klar\u0131n\u0131 anlatan Ba\u015fkan \u00c7avu\u015fo\u011flu, konu\u015fmas\u0131nda pek \u00e7ok yeni m\u00fcjdeyi hem\u015fehrileri ile payla\u015ft\u0131.<\/p>\n<p>Ba\u015fkan \u00c7avu\u015fo\u011flu pe\u015f pe\u015fe m\u00fcjdeleri s\u0131ralad\u0131<br \/>\n<br \/>Denizli\u2019de pek \u00e7ok sosyal projenin k\u0131sa s\u00fcrede kente kazand\u0131r\u0131laca\u011f\u0131n\u0131 m\u00fcjdeleyen Ba\u015fkan \u00c7avu\u015fo\u011flu, \u201c\u00d6n\u00fcm\u00fczdeki d\u00f6nemde bu \u00e7aba ve \u00e7al\u0131\u015fmalar\u0131m\u0131z\u0131n artarak devam edece\u011fini bilinmesini istiyorum. En k\u0131sa s\u00fcrede be\u015finci kent lokantas\u0131n\u0131 Bayramyeri\u2019nde hizmete a\u00e7aca\u011f\u0131z. Bu \u015fehrin kad\u0131nlar\u0131n\u0131n kendilerini mutlu hissedecekleri ilk kad\u0131nlar k\u0131raathanemizi yak\u0131n zamanda a\u00e7aca\u011f\u0131z. Bu \u015fehrin insanlar\u0131n\u0131n ya\u015fad\u0131klar\u0131 zorluklar\u0131n fark\u0131nday\u0131z. \u00d6zellikle yeni olu\u015fturulan asgari \u00fccretle birlikte maalesef 2025 y\u0131l\u0131nda da zor durumda olan insanlar\u0131m\u0131zla, halk\u0131m\u0131zla dayan\u0131\u015fma \u015fiar\u0131m\u0131z\u0131 y\u00fckseltece\u011fimizden dolay\u0131 2025 y\u0131l\u0131n\u0131 b\u00fcy\u00fck projelere ay\u0131ramayaca\u011f\u0131m\u0131z\u0131 da \u00fcz\u00fclerek buradan ifade etmek istiyorum. \u00c7\u00fcnk\u00fc bizler bu \u015fehrin kaynaklar\u0131n\u0131, insanca ya\u015fanacak ve sosyal hayat\u0131yla mutlu olanlar\u0131n ya\u015fayaca\u011f\u0131 bir \u015fehir i\u00e7in harcayaca\u011f\u0131z. Ya\u015fad\u0131\u011f\u0131n\u0131z zorluklar\u0131n ve g\u00fc\u00e7l\u00fcklerin her zamankinden daha fazla fark\u0131nday\u0131z. Bu anlamda da ilk ba\u015fta 15 May\u0131s Mahallesi\u2019nde a\u00e7aca\u011f\u0131m\u0131z kent marketimizi Denizli genelinde yayg\u0131nla\u015ft\u0131rarak halk\u0131m\u0131z\u0131n daha ucuz g\u0131daya ula\u015fmas\u0131n\u0131 sa\u011flayaca\u011f\u0131z. Market a\u00e7amad\u0131\u011f\u0131m\u0131z yerlerde 20\u2019\u015fer metrekarelik kent b\u00fcfeleriyle birlikte hizmetimizi artt\u0131raca\u011f\u0131z. Hizmetimizi ula\u015ft\u0131ramad\u0131\u011f\u0131m\u0131z yerler i\u00e7in de Gezici Kent Marketlerinin \u00e7al\u0131\u015fmalar\u0131na ba\u015flad\u0131k\u201d dedi.<\/p>\n<p>\u201cBu tesiste \u00e7ay \u00fccretsiz\u201d<br \/>\n<br \/>Emekli yurtta\u015flar i\u00e7in \u00e7ok daha fazlas\u0131n\u0131 yapmak i\u00e7in gayret edeceklerini dile getiren Ba\u015fkan \u00c7avu\u015fo\u011flu, \u201cHayatlar\u0131n\u0131 bu \u015fehre, bu \u00fclkeye, bizler gibi insan yeti\u015ftirmek i\u00e7in harcayan b\u00fcy\u00fcklerimize bu bina yeterli de\u011fildir. Ke\u015fke imkanlar\u0131m\u0131z olsayd\u0131 da daha g\u00fczellerini sunabilseydik. Onlar\u0131n bizim \u00fczerimizdeki hakk\u0131ndan \u015fu kadarc\u0131k demeden alabilmelerini sa\u011flayabiliyorsak ne mutlu bizlere. Bu g\u00fczel binan\u0131n emeklilerimize bir nebze olsun mutluluk getirece\u011fine inan\u0131yoruz. Buradan b\u00fct\u00fcn emeklilerimize sesleniyoruz. Burada \u00e7ay parayla de\u011fil, sadece bardak parayla. E\u011fer barda\u011f\u0131n\u0131zla gelirseniz hi\u00e7 \u00fccret \u00f6demeyeceksiniz. Bu hizmetimizle birlikte emeklilerimizin bir nebze olsun yan\u0131nda olmak istiyoruz\u201d diye konu\u015ftu.<\/p>\n<p>\u201cBu yolculu\u011fumuzu daha da g\u00fczelle\u015ftirece\u011fiz, daha da b\u00fcy\u00fctece\u011fiz\u201d<br \/>\n<br \/>Ba\u015fkan \u00c7avu\u015fo\u011flu, konu\u015fmas\u0131n\u0131 \u015f\u00f6yle s\u00fcrd\u00fcrd\u00fc: \u201cKim \u00fcretecekse yan\u0131nda olaca\u011f\u0131z. Hayvanc\u0131l\u0131kla u\u011fra\u015fan\u0131n yan\u0131nday\u0131z. 65 ya\u015f\u0131n\u0131 ge\u00e7ip evinde tamirat\u0131n\u0131 yapamayan Ay\u015fe teyzenin, Hasan amcan\u0131n evine gidip tamirat\u0131n\u0131 ve bak\u0131m\u0131n\u0131 yapaca\u011f\u0131z. Hem sa\u011fl\u0131k ihtiya\u00e7lar\u0131n\u0131 g\u00f6rece\u011fiz, hem de beslenmesinde yan\u0131 ba\u015f\u0131nda olaca\u011f\u0131z. Bu yolculu\u011fumuzu daha da g\u00fczelle\u015ftirece\u011fiz, daha da b\u00fcy\u00fctece\u011fiz. Bizi kim silkelemek isterse istesin, biz dimdik durarak, \u00e7almadan \u00e7ald\u0131rmadan bu halk\u0131m\u0131z\u0131n yan\u0131nda olaca\u011f\u0131m\u0131z\u0131 da birilerinin bilmesini isterim. Onlar bizlerin ba\u015f\u0131nda yarg\u0131 sopas\u0131n\u0131 ne kadar sallamak isterlerse istesinler. Aln\u0131m\u0131z ak, vicdan\u0131m\u0131z rahat. Haramla i\u015fimiz olmaz. Haram lokma bo\u011faz\u0131m\u0131zdan ge\u00e7mez.\u201d<br \/>\n<br \/>Hitab\u0131 esnas\u0131nda s\u0131k s\u0131k konu\u015fmas\u0131 tezah\u00fcratlarla kesilen Ba\u015fkan \u00c7avu\u015fo\u011flu,  tesisin hay\u0131rl\u0131 ve u\u011furlu olmas\u0131n\u0131 diledi.<\/p>\n<p>Ba\u015fkanlardan \u00c7avu\u015fo\u011flu\u2019na te\u015fekk\u00fcr<br \/>\n<br \/>Halktan al\u0131nan g\u00fcc\u00fc, halk\u0131n yarar\u0131na kullanan B\u00fcy\u00fck\u015fehir Belediye Ba\u015fkan\u0131 B\u00fclent Nuri \u00c7avu\u015fo\u011flu\u2019na te\u015fekk\u00fcr eden Merkezefendi Belediye Ba\u015fkan\u0131 \u015eeniz Do\u011fan da \u201cEmeklilerimizin son 20 y\u0131lda ne kadar zorluklar ya\u015fad\u0131\u011f\u0131n\u0131 biliyoruz. Son 20 y\u0131lda b\u00fcy\u00fcklerimizin o son d\u00f6nemlerinde daha rahat, daha konforlu ya\u015famak isterken ve ayn\u0131 zamanda torunlar\u0131yla, \u00e7ocuklar\u0131yla vakit ge\u00e7irmek isterken ge\u00e7im s\u0131k\u0131nt\u0131s\u0131 \u00e7ekti\u011fini biliyoruz. Bu anlamda B\u00fcy\u00fck\u015fehir Belediyesi\u2019nin onlar\u0131n yan\u0131nda olarak yapt\u0131\u011f\u0131 projeler konusunda hay\u0131rl\u0131 olsun diliyorum. Merkezefendi\u2019mize ve Denizli\u2019mize hay\u0131rl\u0131 u\u011furlu olsun\u201d dedi.<\/p>\n<p>Emeklilerin ya\u015fad\u0131\u011f\u0131 ekonomik s\u0131k\u0131nt\u0131lar kar\u015f\u0131s\u0131nda \u00f6nemli bir ad\u0131m at\u0131ld\u0131\u011f\u0131n\u0131 kaydeden Honaz Belediye Ba\u015fkan\u0131 Y\u00fcksek Kepenek ise \u201cEmekliler i\u00e7in ne yapsak azd\u0131r. Bir g\u00fcn bende bu ortamda emeklilerimizle birlikte sohbet edece\u011fiz. Siyaseti b\u0131rakt\u0131ktan sonra buraya gelece\u011fiz ve emeklilerimizle tavla oynayaca\u011f\u0131z, e\u011flenceli vakitler ge\u00e7irece\u011fiz. Eme\u011fi ge\u00e7en herkese te\u015fekk\u00fcr ediyorum. Hay\u0131rl\u0131 u\u011furlu olsun diliyorum\u201d ifadelerini kulland\u0131.<\/p>\n<p>Gecelerini g\u00fcnd\u00fcz\u00fcne katarak t\u00fcm kesimlere oldu\u011fu gibi emekli yurtta\u015flar\u0131n da yan\u0131nda olmaya gayret g\u00f6sterdiklerini beyan eden Beya\u011fa\u00e7 Belediye Ba\u015fkan\u0131 Sezayi P\u00fct\u00fcn de \u201cNe kadar gen\u00e7lere \u00f6nem versekte ak\u0131l hocalar\u0131m\u0131z olan ihtiyarlar\u0131 da \u00f6nem veriyoruz. Burada a\u00e7\u0131l\u0131m\u0131z\u0131 yapmakta oldu\u011fumuz \u2018Emekli Evin\u2019 hay\u0131rl\u0131 u\u011furlu olsun diliyorum\u201d dedi.<\/p>\n<p>Konu\u015fman\u0131n ard\u0131ndan Emekli Evim\u2019in a\u00e7\u0131l\u0131\u015f kurdelesi Ba\u015fkan \u00c7avu\u015fo\u011flu ve protokol \u00fcyeleri taraf\u0131ndan dualarla kesildi. Daha sonra Emekli Evim de emekli yurtta\u015flar ile bir araya gelen Ba\u015fkan \u00c7avu\u015fo\u011flu, vatanda\u015flara \u00e7ay ikram etti. \u00c7ay\u0131n \u00fccretsiz oldu\u011fu tesiste bardak fiyat\u0131 1 TL olarak belirlenirken, barda\u011f\u0131n\u0131 yan\u0131nda getirenden \u00fccret talep edilmeyece\u011fi kaydedildi.<br \/><\/p>\n","protected":false},"excerpt":{"rendered":"<p>Denizli B\u00fcy\u00fck\u015fehir Belediyesi, emeklilerin sosyalle\u015fip kaliteli zaman ge\u00e7irebilece\u011fi kentin ilk emekli evini d\u00fczenlenen t\u00f6renle hizmete a\u00e7t\u0131. Emeklilere \u00f6zel tesiste \u00e7ay\u0131 \u00fccretsiz yapan Ba\u015fkan \u00c7avu\u015fo\u011flu, kent lokantas\u0131n\u0131n yeni \u015fubesinden kad\u0131nlara \u00f6zel k\u0131raathaneye, kent market \u015fubelerinden seyyar market ve kiosk b\u00fcfe uygulamalar\u0131na dek uzanan pek \u00e7ok sosyal projenin k\u0131sa s\u00fcrede kente kazand\u0131r\u0131laca\u011f\u0131n\u0131 m\u00fcjdeledi. Sosyal belediyecilik alan\u0131nda yapt\u0131\u011f\u0131&#8230;<\/p>\n","protected":false},"author":1,"featured_media":12137,"comment_status":"open","ping_status":"open","sticky":false,"template":"","format":"standard","meta":{"_crdt_document":"","footnotes":""},"categories":[123],"tags":[],"class_list":["post-12136","post","type-post","status-publish","format-standard","has-post-thumbnail","hentry","category-gundem"],"_links":{"self":[{"href":"https:\/\/www.egemtv.com\/index.php?rest_route=\/wp\/v2\/posts\/12136","targetHints":{"allow":["GET"]}}],"collection":[{"href":"https:\/\/www.egemtv.com\/index.php?rest_route=\/wp\/v2\/posts"}],"about":[{"href":"https:\/\/www.egemtv.com\/index.php?rest_route=\/wp\/v2\/types\/post"}],"author":[{"embeddable":true,"href":"https:\/\/www.egemtv.com\/index.php?rest_route=\/wp\/v2\/users\/1"}],"replies":[{"embeddable":true,"href":"https:\/\/www.egemtv.com\/index.php?rest_route=%2Fwp%2Fv2%2Fcomments&post=12136"}],"version-history":[{"count":1,"href":"https:\/\/www.egemtv.com\/index.php?rest_route=\/wp\/v2\/posts\/12136\/revisions"}],"predecessor-version":[{"id":12138,"href":"https:\/\/www.egemtv.com\/index.php?rest_route=\/wp\/v2\/posts\/12136\/revisions\/12138"}],"wp:featuredmedia":[{"embeddable":true,"href":"https:\/\/www.egemtv.com\/index.php?rest_route=\/wp\/v2\/media\/12137"}],"wp:attachment":[{"href":"https:\/\/www.egemtv.com\/index.php?rest_route=%2Fwp%2Fv2%2Fmedia&parent=12136"}],"wp:term":[{"taxonomy":"category","embeddable":true,"href":"https:\/\/www.egemtv.com\/index.php?rest_route=%2Fwp%2Fv2%2Fcategories&post=12136"},{"taxonomy":"post_tag","embeddable":true,"href":"https:\/\/www.egemtv.com\/index.php?rest_route=%2Fwp%2Fv2%2Ftags&post=12136"}],"curies":[{"name":"wp","href":"https:\/\/api.w.org\/{rel}","templated":true}]}}