{"id":12133,"date":"2025-01-24T15:46:04","date_gmt":"2025-01-24T12:46:04","guid":{"rendered":"https:\/\/www.egemtv.com\/?p=12133"},"modified":"2025-01-24T15:46:07","modified_gmt":"2025-01-24T12:46:07","slug":"kongre-turizmi-denizlide-yukselecek","status":"publish","type":"post","link":"https:\/\/www.egemtv.com\/?p=12133","title":{"rendered":"Kongre turizmi Denizli\u2019de y\u00fckselecek"},"content":{"rendered":"<p>Denizli B\u00fcy\u00fck\u015fehir Belediyesi, kent turizmini geli\u015ftirmek amac\u0131yla ger\u00e7ekle\u015ftirdi\u011fi projelere bir yenisini daha ekleyerek alan\u0131nda uzman kat\u0131l\u0131mc\u0131lar\u0131n fikirlerini payla\u015ft\u0131\u011f\u0131 bir \u201cKongre Turizmi Paneli\u201d d\u00fczenledi.<\/p>\n<p>Denizli B\u00fcy\u00fck\u015fehir Belediyesi, kentin turizm potansiyelini art\u0131rmak amac\u0131yla \u00f6nemli bir ad\u0131ma imza att\u0131. Nihat Zeybekci Kongre ve K\u00fclt\u00fcr Merkezi\u2019nde ger\u00e7ekle\u015ftirilen &#8220;Kongre Turizmi Paneli&#8221;, sekt\u00f6r temsilcileri, akademisyenler ve i\u015f d\u00fcnyas\u0131ndan \u00e7ok say\u0131da kat\u0131l\u0131mc\u0131y\u0131 bir araya getirdi. Panele Denizli B\u00fcy\u00fck\u015fehir Belediye Ba\u015fkan\u0131 B\u00fclent Nuri \u00c7avu\u015fo\u011flu, Genel Sekreter B\u00fclent Bozba\u015f, \u0130l K\u00fclt\u00fcr ve Turizm M\u00fcd\u00fcr\u00fc H\u00fcdaverdi Otakl\u0131, turizm sekt\u00f6r\u00fcn\u00fcn \u00f6nde gelen isimleri ve \u00e7ok say\u0131da davetli kat\u0131ld\u0131.<\/p>\n<p>Panelin a\u00e7\u0131l\u0131\u015f konu\u015fmas\u0131n\u0131 ger\u00e7ekle\u015ftiren Denizli B\u00fcy\u00fck\u015fehir Belediye Ba\u015fkan\u0131 B\u00fclent Nuri \u00c7avu\u015fo\u011flu, kentte bulunan kongre ve k\u00fclt\u00fcr merkezlerinin kongre turizminde kullan\u0131labilecek d\u00fczeyde olduklar\u0131n\u0131n alt\u0131n\u0131 \u00e7izerek Denizli\u2019nin bir kongre \u015fehri olmas\u0131 a\u00e7\u0131s\u0131ndan hi\u00e7bir engel olmad\u0131\u011f\u0131n\u0131 belirtti. Ba\u015fkan \u00c7avu\u015fo\u011flu konu\u015fmas\u0131n\u0131n devam\u0131nda, \u201c\u015eehrimizde bulunan kongre salonlar\u0131na bakt\u0131\u011f\u0131m\u0131z zaman bu \u015fehrin kongre \u015fehri olmas\u0131n\u0131n \u00f6n\u00fcnde hi\u00e7bir engel yok. \u015eehrimizin turizm ile an\u0131lan bir \u015fehir olmas\u0131 hayalimiz var. Bu yolculu\u011fumuzda kongre turizmini de geli\u015ftirmek amac\u0131yla bulundu\u011fumuz salon ve di\u011fer salonlar\u0131m\u0131z ile beraber bu \u015fehrin keyifli yolculu\u011funu hep beraber g\u00f6t\u00fcrebiliriz. Alan\u0131nda uzman kat\u0131l\u0131mc\u0131lar\u0131n bu yolculukta bize kataca\u011f\u0131 katk\u0131 ger\u00e7ekten \u00e7ok \u00f6nemli. Bu \u015fehre turizm anlam\u0131nda katk\u0131 koyabilen kim varsa bu \u015fehrin kaynaklar\u0131n\u0131 onlara hem seferber edece\u011fiz hem de kullan\u0131mlar\u0131na da a\u00e7aca\u011f\u0131z\u201d ifadelerini kulland\u0131.<\/p>\n<p>\u201cS\u00fcrd\u00fcr\u00fclebilirlik a\u00e7\u0131s\u0131ndan uzman ki\u015filerle \u00e7al\u0131\u015fmalar devam edecek\u201d<br \/>\n<br \/>Kongre Turizmi Paneli hakk\u0131nda de\u011ferlendirmelerde bulunan Genel Sekreter B\u00fclent Bozba\u015f, \u015fehrin dinamiklerinin bu tarz projelere her zaman destek oldu\u011funu vurgulad\u0131. Genel Sekreter B\u00fclent Bozba\u015f konu\u015fmas\u0131n\u0131n devam\u0131nda, \u201cBizim en g\u00fc\u00e7l\u00fc yan\u0131m\u0131z, ne zaman bu tarz projelere imza atsak \u015fehrimizin dinamikleri her zaman yan\u0131m\u0131zda. Uzun ve soluklu bir yol oldu\u011funun fark\u0131nday\u0131z. Bu uzun ve soluklu yolda birlikte ve yorulmamak \u00fczere ko\u015faca\u011f\u0131z. \u015eehre gelen turist, \u015fehirde gezmek i\u00e7in alan istiyor. Bu anlamda da belirli projelerimiz var. S\u00fcrd\u00fcr\u00fclebilirlik a\u00e7\u0131s\u0131ndan alan\u0131nda uzman ki\u015filerle ileti\u015fimimiz hi\u00e7 kesilmeyecek\u201d ifadelerini kulland\u0131.<\/p>\n<p>\u201cDenizli kongre turizmi a\u00e7\u0131s\u0131ndan potansiyeli y\u00fcksek bir \u015fehir\u201d<br \/>\n<br \/>\u0130stanbul, \u0130zmir ve Antalya\u2019dan kat\u0131lan kongre turizmi temsilcileri, kongre turizmi temsilcileri, acente sahibi ve \u00e7al\u0131\u015fanlar\u0131, Denizli\u2019deki kongre turizmi ve kongre turizminde \u015fehrin g\u00fc\u00e7l\u00fc ve zay\u0131f y\u00f6nlerini kentteki sekt\u00f6r payda\u015flar\u0131 ile masaya yat\u0131rd\u0131. Panelde Hasan Eker, Denizli\u2019nin kongre turizmi alan\u0131nda g\u00fc\u00e7l\u00fc ve zay\u0131f y\u00f6nlerini ele al\u0131rken Handan Boyce kongre turizminin pazarlanmas\u0131 ve kongre ziyaret\u00e7i b\u00fcrolar\u0131n\u0131n rol\u00fcn\u00fc, Cengiz Korkmaz uluslararas\u0131 ve ulusal kongre organizat\u00f6rlerinin destinasyondan beklentilerini ve G\u00fcrkan Ak\u00fcn T\u00fcrkiye\u2019nin kongre turizmi potansiyelini ele alarak fikirlerini payla\u015ft\u0131. Denizli\u2019nin kongre turizmi a\u00e7\u0131s\u0131ndan potansiyelinin y\u00fcksek oldu\u011funu ifade eden kat\u0131l\u0131mc\u0131lar genel bir plan \u00e7\u0131kararak bir yol haritas\u0131 \u00e7izdi.<br \/><\/p>\n","protected":false},"excerpt":{"rendered":"<p>Denizli B\u00fcy\u00fck\u015fehir Belediyesi, kent turizmini geli\u015ftirmek amac\u0131yla ger\u00e7ekle\u015ftirdi\u011fi projelere bir yenisini daha ekleyerek alan\u0131nda uzman kat\u0131l\u0131mc\u0131lar\u0131n fikirlerini payla\u015ft\u0131\u011f\u0131 bir \u201cKongre Turizmi Paneli\u201d d\u00fczenledi. Denizli B\u00fcy\u00fck\u015fehir Belediyesi, kentin turizm potansiyelini art\u0131rmak amac\u0131yla \u00f6nemli bir ad\u0131ma imza att\u0131. Nihat Zeybekci Kongre ve K\u00fclt\u00fcr Merkezi\u2019nde ger\u00e7ekle\u015ftirilen &#8220;Kongre Turizmi Paneli&#8221;, sekt\u00f6r temsilcileri, akademisyenler ve i\u015f d\u00fcnyas\u0131ndan \u00e7ok say\u0131da kat\u0131l\u0131mc\u0131y\u0131&#8230;<\/p>\n","protected":false},"author":1,"featured_media":12134,"comment_status":"open","ping_status":"open","sticky":false,"template":"","format":"standard","meta":{"_crdt_document":"","footnotes":""},"categories":[125],"tags":[],"class_list":["post-12133","post","type-post","status-publish","format-standard","has-post-thumbnail","hentry","category-ekonomi"],"_links":{"self":[{"href":"https:\/\/www.egemtv.com\/index.php?rest_route=\/wp\/v2\/posts\/12133","targetHints":{"allow":["GET"]}}],"collection":[{"href":"https:\/\/www.egemtv.com\/index.php?rest_route=\/wp\/v2\/posts"}],"about":[{"href":"https:\/\/www.egemtv.com\/index.php?rest_route=\/wp\/v2\/types\/post"}],"author":[{"embeddable":true,"href":"https:\/\/www.egemtv.com\/index.php?rest_route=\/wp\/v2\/users\/1"}],"replies":[{"embeddable":true,"href":"https:\/\/www.egemtv.com\/index.php?rest_route=%2Fwp%2Fv2%2Fcomments&post=12133"}],"version-history":[{"count":1,"href":"https:\/\/www.egemtv.com\/index.php?rest_route=\/wp\/v2\/posts\/12133\/revisions"}],"predecessor-version":[{"id":12135,"href":"https:\/\/www.egemtv.com\/index.php?rest_route=\/wp\/v2\/posts\/12133\/revisions\/12135"}],"wp:featuredmedia":[{"embeddable":true,"href":"https:\/\/www.egemtv.com\/index.php?rest_route=\/wp\/v2\/media\/12134"}],"wp:attachment":[{"href":"https:\/\/www.egemtv.com\/index.php?rest_route=%2Fwp%2Fv2%2Fmedia&parent=12133"}],"wp:term":[{"taxonomy":"category","embeddable":true,"href":"https:\/\/www.egemtv.com\/index.php?rest_route=%2Fwp%2Fv2%2Fcategories&post=12133"},{"taxonomy":"post_tag","embeddable":true,"href":"https:\/\/www.egemtv.com\/index.php?rest_route=%2Fwp%2Fv2%2Ftags&post=12133"}],"curies":[{"name":"wp","href":"https:\/\/api.w.org\/{rel}","templated":true}]}}