{"id":12129,"date":"2025-01-24T15:34:16","date_gmt":"2025-01-24T12:34:16","guid":{"rendered":"https:\/\/www.egemtv.com\/?p=12129"},"modified":"2025-01-24T15:34:20","modified_gmt":"2025-01-24T12:34:20","slug":"aydinlatma-diregine-carpip-takla-atan-otomobil-hurdaya-dondu-2-yarali-2","status":"publish","type":"post","link":"https:\/\/www.egemtv.com\/?p=12129","title":{"rendered":"Ayd\u0131nlatma dire\u011fine \u00e7arp\u0131p takla atan otomobil hurdaya d\u00f6nd\u00fc; 2 yaral\u0131"},"content":{"rendered":"<p>Denizli\u2019nin Buldan il\u00e7esinde direksiyon hakimiyetini kaybeden otomobil s\u00fcr\u00fcc\u00fcs\u00fc \u00f6nce ref\u00fcjde bulunan ayd\u0131nlatma dire\u011fini devirdi ard\u0131ndan takla att\u0131. Kaza neticesinde hurda y\u0131\u011f\u0131n\u0131na d\u00f6nen otomobil kullan\u0131lamaz hale gelirken otomobilde bulunan 2 ki\u015fi yaraland\u0131.<\/p>\n<p>Kaza, Denizli-Manisa karayolu Yenicekent kav\u015fa\u011f\u0131nda meydana geldi. Edinilen bilgilere g\u00f6re, Denizli istikametine do\u011fru seyir halinde olan N.K idaresindeki 43 UCE 375 plakal\u0131 otomobil, Yenicekent kav\u015fa\u011f\u0131nda direksiyon hakimiyetini kaybetti. Kontrolden \u00e7\u0131kan otomobil \u00f6nce ref\u00fcjde bulunan ayd\u0131nlatma dire\u011fine \u00e7arpt\u0131 ard\u0131ndan ise takla att\u0131. Ayd\u0131nlatma dire\u011fini deviren otomobil \u00e7arpman\u0131n etkisiyle devrilerek ters d\u00f6nd\u00fc. Kazay\u0131 g\u00f6ren \u00e7evredeki vatanda\u015flar durumu 112 Acil \u00c7a\u011fr\u0131 Merkezi\u2019ne bildirdi. \u0130hbar \u00fczerine b\u00f6lgeye itfaiye, sa\u011fl\u0131k ve polis ekipleri sevk edildi.<\/p>\n<p>Kaza sonucunda ara\u00e7ta s\u0131k\u0131\u015fan 2 ki\u015fi itfaiye ekipleri taraf\u0131ndan kurtar\u0131larak sa\u011fl\u0131k ekiplerine teslim edildi. Sa\u011fl\u0131k ekipleri taraf\u0131ndan olay yerinde ilk m\u00fcdahaleleri yap\u0131lan s\u00fcr\u00fcc\u00fc N.K ve yolcu koltu\u011funda oturan N.K. ambulans ile hastaneye sevk edildi. Hastanede tedavi alt\u0131na al\u0131nan 2 ki\u015finin sa\u011fl\u0131k durumunun iyi oldu\u011fu \u00f6\u011frenildi.<\/p>\n<p>Kaza neticesinde ayd\u0131nlatma dire\u011fine \u00e7arparak hurda y\u0131\u011f\u0131n\u0131na d\u00f6nen otomobil kullan\u0131lamaz hale gelirken ekipler kaza ile ilgili soru\u015fturma ba\u015flatt\u0131.<br \/><\/p>\n","protected":false},"excerpt":{"rendered":"<p>Denizli\u2019nin Buldan il\u00e7esinde direksiyon hakimiyetini kaybeden otomobil s\u00fcr\u00fcc\u00fcs\u00fc \u00f6nce ref\u00fcjde bulunan ayd\u0131nlatma dire\u011fini devirdi ard\u0131ndan takla att\u0131. Kaza neticesinde hurda y\u0131\u011f\u0131n\u0131na d\u00f6nen otomobil kullan\u0131lamaz hale gelirken otomobilde bulunan 2 ki\u015fi yaraland\u0131. Kaza, Denizli-Manisa karayolu Yenicekent kav\u015fa\u011f\u0131nda meydana geldi. Edinilen bilgilere g\u00f6re, Denizli istikametine do\u011fru seyir halinde olan N.K idaresindeki 43 UCE 375 plakal\u0131 otomobil, Yenicekent&#8230;<\/p>\n","protected":false},"author":1,"featured_media":12131,"comment_status":"open","ping_status":"open","sticky":false,"template":"","format":"standard","meta":{"_crdt_document":"","footnotes":""},"categories":[5],"tags":[],"class_list":["post-12129","post","type-post","status-publish","format-standard","has-post-thumbnail","hentry","category-asayis"],"_links":{"self":[{"href":"https:\/\/www.egemtv.com\/index.php?rest_route=\/wp\/v2\/posts\/12129","targetHints":{"allow":["GET"]}}],"collection":[{"href":"https:\/\/www.egemtv.com\/index.php?rest_route=\/wp\/v2\/posts"}],"about":[{"href":"https:\/\/www.egemtv.com\/index.php?rest_route=\/wp\/v2\/types\/post"}],"author":[{"embeddable":true,"href":"https:\/\/www.egemtv.com\/index.php?rest_route=\/wp\/v2\/users\/1"}],"replies":[{"embeddable":true,"href":"https:\/\/www.egemtv.com\/index.php?rest_route=%2Fwp%2Fv2%2Fcomments&post=12129"}],"version-history":[{"count":1,"href":"https:\/\/www.egemtv.com\/index.php?rest_route=\/wp\/v2\/posts\/12129\/revisions"}],"predecessor-version":[{"id":12132,"href":"https:\/\/www.egemtv.com\/index.php?rest_route=\/wp\/v2\/posts\/12129\/revisions\/12132"}],"wp:featuredmedia":[{"embeddable":true,"href":"https:\/\/www.egemtv.com\/index.php?rest_route=\/wp\/v2\/media\/12131"}],"wp:attachment":[{"href":"https:\/\/www.egemtv.com\/index.php?rest_route=%2Fwp%2Fv2%2Fmedia&parent=12129"}],"wp:term":[{"taxonomy":"category","embeddable":true,"href":"https:\/\/www.egemtv.com\/index.php?rest_route=%2Fwp%2Fv2%2Fcategories&post=12129"},{"taxonomy":"post_tag","embeddable":true,"href":"https:\/\/www.egemtv.com\/index.php?rest_route=%2Fwp%2Fv2%2Ftags&post=12129"}],"curies":[{"name":"wp","href":"https:\/\/api.w.org\/{rel}","templated":true}]}}