{"id":12126,"date":"2025-01-24T14:55:29","date_gmt":"2025-01-24T11:55:29","guid":{"rendered":"https:\/\/www.egemtv.com\/?p=12126"},"modified":"2025-01-24T14:55:31","modified_gmt":"2025-01-24T11:55:31","slug":"koycegizde-orman-yanginlariyla-mucadele-icin-bilgilendirme-toplantilari-duzenlendi","status":"publish","type":"post","link":"https:\/\/www.egemtv.com\/?p=12126","title":{"rendered":"K\u00f6yce\u011fiz\u2019de orman yang\u0131nlar\u0131yla m\u00fccadele i\u00e7in bilgilendirme toplant\u0131lar\u0131 d\u00fczenlendi"},"content":{"rendered":"<p>K\u00f6yce\u011fiz Orman \u0130\u015fletme M\u00fcd\u00fcrl\u00fc\u011f\u00fc, orman yang\u0131nlar\u0131n\u0131 \u00f6nleme ve al\u0131nacak tedbirler konusunda bilgilendirme \u00e7al\u0131\u015fmalar\u0131na devam ediyor. Akk\u00f6pr\u00fc Orman \u0130\u015fletme \u015eefli\u011fi taraf\u0131ndan Akk\u00f6pr\u00fc ve Sazak mahallelerinde d\u00fczenlenen toplant\u0131larda, mahalle sakinlerine yang\u0131n riskleri ve al\u0131nmas\u0131 gereken \u00f6nlemler hakk\u0131nda bilgi verildi.<\/p>\n<p>Toplant\u0131lara, Akk\u00f6pr\u00fc Orman \u0130\u015fletme \u015eefi Ahmet An\u0131l Uygun \u00f6nc\u00fcl\u00fck etti. Uygun, orman yang\u0131nlar\u0131n\u0131n \u00f6nlenmesi i\u00e7in yerel halk\u0131n bilin\u00e7lenmesinin \u00f6nemine dikkat \u00e7ekerek, \u015fu ifadelerde bulundu: \u201cOrmanlar\u0131m\u0131z\u0131 korumak hepimizin g\u00f6revidir. Yang\u0131nlar\u0131 \u00f6nlemek i\u00e7in al\u0131nacak tedbirler konusunda yerel halk\u0131m\u0131zla i\u015f birli\u011fi yap\u0131yoruz. Yang\u0131nlara h\u0131zl\u0131 m\u00fcdahale i\u00e7in gerekli ekipmanlar ve y\u00f6ntemler hakk\u0131nda bilgilendirme yap\u0131yoruz \u201ddedi.<\/p>\n<p>Toplant\u0131lar s\u0131ras\u0131nda kat\u0131l\u0131mc\u0131lara orman yang\u0131nlar\u0131n\u0131n \u00e7\u0131k\u0131\u015f nedenleri, erken m\u00fcdahalenin \u00f6nemi ve yang\u0131n esnas\u0131nda izlenmesi gereken yollar hakk\u0131nda ayr\u0131nt\u0131l\u0131 bilgiler aktar\u0131ld\u0131. Ayr\u0131ca, b\u00f6lgede ya\u015fayan vatanda\u015flar\u0131n yang\u0131n an\u0131nda daha bilin\u00e7li hareket etmeleri ve ormanlar\u0131 koruma konusunda aktif rol \u00fcstlenmeleri \u00e7a\u011fr\u0131s\u0131nda bulunuldu.<br \/><\/p>\n","protected":false},"excerpt":{"rendered":"<p>K\u00f6yce\u011fiz Orman \u0130\u015fletme M\u00fcd\u00fcrl\u00fc\u011f\u00fc, orman yang\u0131nlar\u0131n\u0131 \u00f6nleme ve al\u0131nacak tedbirler konusunda bilgilendirme \u00e7al\u0131\u015fmalar\u0131na devam ediyor. Akk\u00f6pr\u00fc Orman \u0130\u015fletme \u015eefli\u011fi taraf\u0131ndan Akk\u00f6pr\u00fc ve Sazak mahallelerinde d\u00fczenlenen toplant\u0131larda, mahalle sakinlerine yang\u0131n riskleri ve al\u0131nmas\u0131 gereken \u00f6nlemler hakk\u0131nda bilgi verildi. Toplant\u0131lara, Akk\u00f6pr\u00fc Orman \u0130\u015fletme \u015eefi Ahmet An\u0131l Uygun \u00f6nc\u00fcl\u00fck etti. Uygun, orman yang\u0131nlar\u0131n\u0131n \u00f6nlenmesi i\u00e7in yerel halk\u0131n bilin\u00e7lenmesinin&#8230;<\/p>\n","protected":false},"author":1,"featured_media":12127,"comment_status":"open","ping_status":"open","sticky":false,"template":"","format":"standard","meta":{"_crdt_document":"","footnotes":""},"categories":[1],"tags":[],"class_list":["post-12126","post","type-post","status-publish","format-standard","has-post-thumbnail","hentry","category-guncel"],"_links":{"self":[{"href":"https:\/\/www.egemtv.com\/index.php?rest_route=\/wp\/v2\/posts\/12126","targetHints":{"allow":["GET"]}}],"collection":[{"href":"https:\/\/www.egemtv.com\/index.php?rest_route=\/wp\/v2\/posts"}],"about":[{"href":"https:\/\/www.egemtv.com\/index.php?rest_route=\/wp\/v2\/types\/post"}],"author":[{"embeddable":true,"href":"https:\/\/www.egemtv.com\/index.php?rest_route=\/wp\/v2\/users\/1"}],"replies":[{"embeddable":true,"href":"https:\/\/www.egemtv.com\/index.php?rest_route=%2Fwp%2Fv2%2Fcomments&post=12126"}],"version-history":[{"count":1,"href":"https:\/\/www.egemtv.com\/index.php?rest_route=\/wp\/v2\/posts\/12126\/revisions"}],"predecessor-version":[{"id":12128,"href":"https:\/\/www.egemtv.com\/index.php?rest_route=\/wp\/v2\/posts\/12126\/revisions\/12128"}],"wp:featuredmedia":[{"embeddable":true,"href":"https:\/\/www.egemtv.com\/index.php?rest_route=\/wp\/v2\/media\/12127"}],"wp:attachment":[{"href":"https:\/\/www.egemtv.com\/index.php?rest_route=%2Fwp%2Fv2%2Fmedia&parent=12126"}],"wp:term":[{"taxonomy":"category","embeddable":true,"href":"https:\/\/www.egemtv.com\/index.php?rest_route=%2Fwp%2Fv2%2Fcategories&post=12126"},{"taxonomy":"post_tag","embeddable":true,"href":"https:\/\/www.egemtv.com\/index.php?rest_route=%2Fwp%2Fv2%2Ftags&post=12126"}],"curies":[{"name":"wp","href":"https:\/\/api.w.org\/{rel}","templated":true}]}}