{"id":12123,"date":"2025-01-24T14:47:11","date_gmt":"2025-01-24T11:47:11","guid":{"rendered":"https:\/\/www.egemtv.com\/?p=12123"},"modified":"2025-01-24T14:47:13","modified_gmt":"2025-01-24T11:47:13","slug":"fatma-girik-mezari-basinda-anildi","status":"publish","type":"post","link":"https:\/\/www.egemtv.com\/?p=12123","title":{"rendered":"Fatma Girik, mezar\u0131 ba\u015f\u0131nda an\u0131ld\u0131"},"content":{"rendered":"<p>T\u00fcrk sinemas\u0131n\u0131n ve Ye\u015fil\u00e7am\u2019\u0131n unutulmaz isimlerinden Fatma Girik, \u00f6l\u00fcm\u00fcn\u00fcn \u00fc\u00e7\u00fcnc\u00fc y\u0131l d\u00f6n\u00fcm\u00fcnde Torba\u2019daki mezar\u0131 ba\u015f\u0131nda dualarla an\u0131ld\u0131.<\/p>\n<p>Anma t\u00f6renine, Bodrum Belediye Ba\u015fkan\u0131 Tamer Mandalinci\u2019yi temsilen Ba\u015fkan Vekili Emel \u00c7akalo\u011flu, bas\u0131n mensuplar\u0131 ve sanat\u00e7\u0131n\u0131n yak\u0131nlar\u0131 kat\u0131l\u0131m sa\u011flad\u0131.<\/p>\n<p>Bodrum Belediyesi Ba\u015fkan Vekili Emel \u00c7akalo\u011flu, t\u00f6renin ard\u0131ndan yapt\u0131\u011f\u0131 a\u00e7\u0131klamada, \u201cBug\u00fcn, \u00e7ok de\u011ferli ve k\u0131ymetli hem\u015fehrimiz olan sanat\u00e7\u0131m\u0131z Fatma Girik\u2019i \u00f6l\u00fcm y\u0131l d\u00f6n\u00fcm\u00fcnde an\u0131yoruz. De\u011ferli sanat\u00e7\u0131lar\u0131m\u0131z Memduh \u00dcn ve Akrep Nalan da burada yat\u0131yor. Sayg\u0131 ve sevgiyle bug\u00fcn kendilerini ziyaret ettik, dualar\u0131m\u0131z\u0131 yapt\u0131k. Allah kabul etsin, mekanlar\u0131 cennet olsun\u201d ifadelerini kulland\u0131. Anma t\u00f6reni, okunan dualarla sona erdi.<br \/><\/p>\n","protected":false},"excerpt":{"rendered":"<p>T\u00fcrk sinemas\u0131n\u0131n ve Ye\u015fil\u00e7am\u2019\u0131n unutulmaz isimlerinden Fatma Girik, \u00f6l\u00fcm\u00fcn\u00fcn \u00fc\u00e7\u00fcnc\u00fc y\u0131l d\u00f6n\u00fcm\u00fcnde Torba\u2019daki mezar\u0131 ba\u015f\u0131nda dualarla an\u0131ld\u0131. Anma t\u00f6renine, Bodrum Belediye Ba\u015fkan\u0131 Tamer Mandalinci\u2019yi temsilen Ba\u015fkan Vekili Emel \u00c7akalo\u011flu, bas\u0131n mensuplar\u0131 ve sanat\u00e7\u0131n\u0131n yak\u0131nlar\u0131 kat\u0131l\u0131m sa\u011flad\u0131. Bodrum Belediyesi Ba\u015fkan Vekili Emel \u00c7akalo\u011flu, t\u00f6renin ard\u0131ndan yapt\u0131\u011f\u0131 a\u00e7\u0131klamada, \u201cBug\u00fcn, \u00e7ok de\u011ferli ve k\u0131ymetli hem\u015fehrimiz olan sanat\u00e7\u0131m\u0131z Fatma&#8230;<\/p>\n","protected":false},"author":1,"featured_media":12124,"comment_status":"open","ping_status":"open","sticky":false,"template":"","format":"standard","meta":{"_crdt_document":"","footnotes":""},"categories":[1],"tags":[],"class_list":["post-12123","post","type-post","status-publish","format-standard","has-post-thumbnail","hentry","category-guncel"],"_links":{"self":[{"href":"https:\/\/www.egemtv.com\/index.php?rest_route=\/wp\/v2\/posts\/12123","targetHints":{"allow":["GET"]}}],"collection":[{"href":"https:\/\/www.egemtv.com\/index.php?rest_route=\/wp\/v2\/posts"}],"about":[{"href":"https:\/\/www.egemtv.com\/index.php?rest_route=\/wp\/v2\/types\/post"}],"author":[{"embeddable":true,"href":"https:\/\/www.egemtv.com\/index.php?rest_route=\/wp\/v2\/users\/1"}],"replies":[{"embeddable":true,"href":"https:\/\/www.egemtv.com\/index.php?rest_route=%2Fwp%2Fv2%2Fcomments&post=12123"}],"version-history":[{"count":1,"href":"https:\/\/www.egemtv.com\/index.php?rest_route=\/wp\/v2\/posts\/12123\/revisions"}],"predecessor-version":[{"id":12125,"href":"https:\/\/www.egemtv.com\/index.php?rest_route=\/wp\/v2\/posts\/12123\/revisions\/12125"}],"wp:featuredmedia":[{"embeddable":true,"href":"https:\/\/www.egemtv.com\/index.php?rest_route=\/wp\/v2\/media\/12124"}],"wp:attachment":[{"href":"https:\/\/www.egemtv.com\/index.php?rest_route=%2Fwp%2Fv2%2Fmedia&parent=12123"}],"wp:term":[{"taxonomy":"category","embeddable":true,"href":"https:\/\/www.egemtv.com\/index.php?rest_route=%2Fwp%2Fv2%2Fcategories&post=12123"},{"taxonomy":"post_tag","embeddable":true,"href":"https:\/\/www.egemtv.com\/index.php?rest_route=%2Fwp%2Fv2%2Ftags&post=12123"}],"curies":[{"name":"wp","href":"https:\/\/api.w.org\/{rel}","templated":true}]}}