{"id":12120,"date":"2025-01-24T14:44:25","date_gmt":"2025-01-24T11:44:25","guid":{"rendered":"https:\/\/www.egemtv.com\/?p=12120"},"modified":"2025-01-24T14:44:27","modified_gmt":"2025-01-24T11:44:27","slug":"kural-tanimaz-suruculer-havadan-denetlendi","status":"publish","type":"post","link":"https:\/\/www.egemtv.com\/?p=12120","title":{"rendered":"Kural tan\u0131maz s\u00fcr\u00fcc\u00fcler havadan denetlendi"},"content":{"rendered":"<p>Ayd\u0131n\u2019\u0131n Efeler il\u00e7esinde ger\u00e7ekle\u015ftirilen drone destekli trafik denetimlerinde kurallara uymayan 25 s\u00fcr\u00fcc\u00fcye cezai i\u015flem uyguland\u0131.<\/p>\n<p>Ayd\u0131n\u2019da Trafik Denetleme \u015eube M\u00fcd\u00fcrl\u00fc\u011f\u00fc ve \u0130nsans\u0131z Hava Ara\u00e7lar\u0131 B\u00fcro Amirli\u011fi\u2019ne ba\u011fl\u0131 \u0130HA operat\u00f6rleri taraf\u0131ndan drone destekli trafik denetimi ger\u00e7ekle\u015ftirildi. Bu \u00e7er\u00e7evede harekete ge\u00e7en ekipler Efeler\u2019de bulunan Denizli Bulvar\u0131 Dr. Ra\u015fit Galip Baydur Kav\u015fa\u011f\u0131\u2019nda drone destekli denetim ger\u00e7ekle\u015ftirdi. Havadan yap\u0131lan denetimlerde, seyir halinde cep telefonu kullan\u0131m\u0131, emniyet kemeri takmama, kasks\u0131z motosiklet kullan\u0131m\u0131 ve k\u0131rm\u0131z\u0131 \u0131\u015f\u0131kta ge\u00e7me konular\u0131na a\u011f\u0131rl\u0131k verilirken, s\u00fcr\u00fcc\u00fclerin yapt\u0131\u011f\u0131 ihlaller de havadan g\u00f6r\u00fcnt\u00fclenerek foto\u011frafland\u0131.<\/p>\n<p>Denetimlerde emniyet kemeri takmayan, seyir halinde telefonla konu\u015fan, k\u0131rm\u0131z\u0131 \u0131\u015f\u0131k ihlali yapan, kasks\u0131z motosiklet kullanan s\u00fcr\u00fcc\u00fcler, drone marifetiyle tespit edilirken kurallara uymayan s\u00fcr\u00fcc\u00fcler hakk\u0131nda i\u015flem yap\u0131ld\u0131. Yakla\u015f\u0131k 1 saat s\u00fcren denetimlerde 100 ara\u00e7 kontrol edilirken, kurallara uymad\u0131\u011f\u0131 tespit edilen 25 ara\u00e7 s\u00fcr\u00fcc\u00fcs\u00fcne idari para cezas\u0131 uyguland\u0131.<\/p>\n<p>Havadan destekli trafik denetimlerinde emniyet kemeri takma oran\u0131n\u0131n y\u00fcksek olmas\u0131 dikkat \u00e7ekerken, kontrol ve denetimlerin aral\u0131ks\u0131z s\u00fcrece\u011fi \u00f6\u011frenildi.<br \/><\/p>\n","protected":false},"excerpt":{"rendered":"<p>Ayd\u0131n\u2019\u0131n Efeler il\u00e7esinde ger\u00e7ekle\u015ftirilen drone destekli trafik denetimlerinde kurallara uymayan 25 s\u00fcr\u00fcc\u00fcye cezai i\u015flem uyguland\u0131. Ayd\u0131n\u2019da Trafik Denetleme \u015eube M\u00fcd\u00fcrl\u00fc\u011f\u00fc ve \u0130nsans\u0131z Hava Ara\u00e7lar\u0131 B\u00fcro Amirli\u011fi\u2019ne ba\u011fl\u0131 \u0130HA operat\u00f6rleri taraf\u0131ndan drone destekli trafik denetimi ger\u00e7ekle\u015ftirildi. Bu \u00e7er\u00e7evede harekete ge\u00e7en ekipler Efeler\u2019de bulunan Denizli Bulvar\u0131 Dr. Ra\u015fit Galip Baydur Kav\u015fa\u011f\u0131\u2019nda drone destekli denetim ger\u00e7ekle\u015ftirdi. Havadan yap\u0131lan&#8230;<\/p>\n","protected":false},"author":1,"featured_media":12121,"comment_status":"open","ping_status":"open","sticky":false,"template":"","format":"standard","meta":{"_crdt_document":"","footnotes":""},"categories":[5],"tags":[],"class_list":["post-12120","post","type-post","status-publish","format-standard","has-post-thumbnail","hentry","category-asayis"],"_links":{"self":[{"href":"https:\/\/www.egemtv.com\/index.php?rest_route=\/wp\/v2\/posts\/12120","targetHints":{"allow":["GET"]}}],"collection":[{"href":"https:\/\/www.egemtv.com\/index.php?rest_route=\/wp\/v2\/posts"}],"about":[{"href":"https:\/\/www.egemtv.com\/index.php?rest_route=\/wp\/v2\/types\/post"}],"author":[{"embeddable":true,"href":"https:\/\/www.egemtv.com\/index.php?rest_route=\/wp\/v2\/users\/1"}],"replies":[{"embeddable":true,"href":"https:\/\/www.egemtv.com\/index.php?rest_route=%2Fwp%2Fv2%2Fcomments&post=12120"}],"version-history":[{"count":1,"href":"https:\/\/www.egemtv.com\/index.php?rest_route=\/wp\/v2\/posts\/12120\/revisions"}],"predecessor-version":[{"id":12122,"href":"https:\/\/www.egemtv.com\/index.php?rest_route=\/wp\/v2\/posts\/12120\/revisions\/12122"}],"wp:featuredmedia":[{"embeddable":true,"href":"https:\/\/www.egemtv.com\/index.php?rest_route=\/wp\/v2\/media\/12121"}],"wp:attachment":[{"href":"https:\/\/www.egemtv.com\/index.php?rest_route=%2Fwp%2Fv2%2Fmedia&parent=12120"}],"wp:term":[{"taxonomy":"category","embeddable":true,"href":"https:\/\/www.egemtv.com\/index.php?rest_route=%2Fwp%2Fv2%2Fcategories&post=12120"},{"taxonomy":"post_tag","embeddable":true,"href":"https:\/\/www.egemtv.com\/index.php?rest_route=%2Fwp%2Fv2%2Ftags&post=12120"}],"curies":[{"name":"wp","href":"https:\/\/api.w.org\/{rel}","templated":true}]}}