{"id":12117,"date":"2025-01-24T14:42:14","date_gmt":"2025-01-24T11:42:14","guid":{"rendered":"https:\/\/www.egemtv.com\/?p=12117"},"modified":"2025-01-24T14:42:17","modified_gmt":"2025-01-24T11:42:17","slug":"burdurda-kontrolden-cikan-otomobil-sarampole-devrildi-1-yarali","status":"publish","type":"post","link":"https:\/\/www.egemtv.com\/?p=12117","title":{"rendered":"Burdur\u2019da kontrolden \u00e7\u0131kan otomobil \u015farampole devrildi: 1 yaral\u0131"},"content":{"rendered":"<p>Burdur\u2019un Alt\u0131nyayla il\u00e7esinde kontrolden \u00e7\u0131kan otomobilin \u015farampole devrilmesi sonucu 1 ki\u015fi yaraland\u0131.<br \/>\n<br \/>Kaza, sabah saatlerinde Burdur\u2019un Alt\u0131nyayla il\u00e7esi Alt\u0131nyayla-G\u00f6lhisar kara yolunda meydana geldi. Edinilen bilgilere g\u00f6re, Mehmet E. (74) idaresindeki 15 AAU 334 plakal\u0131 Kia marka otomobil, s\u00fcr\u00fcc\u00fcs\u00fcn\u00fcn direksiyon hakimiyetini kaybetmesiyle kontrolden \u00e7\u0131karak \u015farampole devrildi. Kazada s\u00fcr\u00fcc\u00fc Mehmet E. yaraland\u0131. \u00c7evredekilerin 112 Acil \u00c7a\u011fr\u0131 Merkezine ihbar\u0131 \u00fczerine olay yerine sa\u011fl\u0131k ve jandarma ekipleri sevk edildi. Olay yerine gelen sa\u011fl\u0131k ekiplerinin ilk m\u00fcdahalesinin ard\u0131ndan yaral\u0131, ambulans ile G\u00f6lhisar Devlet Hastanesi\u2019ne kald\u0131r\u0131ld\u0131. Tedavi alt\u0131na al\u0131nan Mehmet E.\u2019nin durumunun iyi oldu\u011fu \u00f6\u011frenildi.<br \/><\/p>\n","protected":false},"excerpt":{"rendered":"<p>Burdur\u2019un Alt\u0131nyayla il\u00e7esinde kontrolden \u00e7\u0131kan otomobilin \u015farampole devrilmesi sonucu 1 ki\u015fi yaraland\u0131. Kaza, sabah saatlerinde Burdur\u2019un Alt\u0131nyayla il\u00e7esi Alt\u0131nyayla-G\u00f6lhisar kara yolunda meydana geldi. Edinilen bilgilere g\u00f6re, Mehmet E. (74) idaresindeki 15 AAU 334 plakal\u0131 Kia marka otomobil, s\u00fcr\u00fcc\u00fcs\u00fcn\u00fcn direksiyon hakimiyetini kaybetmesiyle kontrolden \u00e7\u0131karak \u015farampole devrildi. Kazada s\u00fcr\u00fcc\u00fc Mehmet E. yaraland\u0131. \u00c7evredekilerin 112 Acil \u00c7a\u011fr\u0131 Merkezine&#8230;<\/p>\n","protected":false},"author":1,"featured_media":12118,"comment_status":"open","ping_status":"open","sticky":false,"template":"","format":"standard","meta":{"_crdt_document":"","footnotes":""},"categories":[5],"tags":[],"class_list":["post-12117","post","type-post","status-publish","format-standard","has-post-thumbnail","hentry","category-asayis"],"_links":{"self":[{"href":"https:\/\/www.egemtv.com\/index.php?rest_route=\/wp\/v2\/posts\/12117","targetHints":{"allow":["GET"]}}],"collection":[{"href":"https:\/\/www.egemtv.com\/index.php?rest_route=\/wp\/v2\/posts"}],"about":[{"href":"https:\/\/www.egemtv.com\/index.php?rest_route=\/wp\/v2\/types\/post"}],"author":[{"embeddable":true,"href":"https:\/\/www.egemtv.com\/index.php?rest_route=\/wp\/v2\/users\/1"}],"replies":[{"embeddable":true,"href":"https:\/\/www.egemtv.com\/index.php?rest_route=%2Fwp%2Fv2%2Fcomments&post=12117"}],"version-history":[{"count":1,"href":"https:\/\/www.egemtv.com\/index.php?rest_route=\/wp\/v2\/posts\/12117\/revisions"}],"predecessor-version":[{"id":12119,"href":"https:\/\/www.egemtv.com\/index.php?rest_route=\/wp\/v2\/posts\/12117\/revisions\/12119"}],"wp:featuredmedia":[{"embeddable":true,"href":"https:\/\/www.egemtv.com\/index.php?rest_route=\/wp\/v2\/media\/12118"}],"wp:attachment":[{"href":"https:\/\/www.egemtv.com\/index.php?rest_route=%2Fwp%2Fv2%2Fmedia&parent=12117"}],"wp:term":[{"taxonomy":"category","embeddable":true,"href":"https:\/\/www.egemtv.com\/index.php?rest_route=%2Fwp%2Fv2%2Fcategories&post=12117"},{"taxonomy":"post_tag","embeddable":true,"href":"https:\/\/www.egemtv.com\/index.php?rest_route=%2Fwp%2Fv2%2Ftags&post=12117"}],"curies":[{"name":"wp","href":"https:\/\/api.w.org\/{rel}","templated":true}]}}