{"id":12114,"date":"2025-01-24T14:42:12","date_gmt":"2025-01-24T11:42:12","guid":{"rendered":"https:\/\/www.egemtv.com\/?p=12114"},"modified":"2025-01-24T14:42:13","modified_gmt":"2025-01-24T11:42:13","slug":"tavsanlida-29-ciftciye-2-bin-784-hunnap-ve-cennet-hurmasi-fidani-dagitildi","status":"publish","type":"post","link":"https:\/\/www.egemtv.com\/?p=12114","title":{"rendered":"Tav\u015fanl\u0131\u2019da 29 \u00e7ift\u00e7iye 2 bin 784 h\u00fcnnap ve cennet hurmas\u0131 fidan\u0131 da\u011f\u0131t\u0131ld\u0131"},"content":{"rendered":"<p>K\u00fctahya\u2019n\u0131n Tav\u015fanl\u0131 il\u00e7esinde, \u0130l\u00e7e Tar\u0131m ve Orman M\u00fcd\u00fcrl\u00fc\u011f\u00fc taraf\u0131ndan haz\u0131rlanan Meyvecili\u011fi Geli\u015ftirme Projesi kapsam\u0131nda, Ulu\u00e7am K\u00f6y\u00fc\u2019nde h\u00fcnnap ve cennet hurmas\u0131 fidanlar\u0131n\u0131n da\u011f\u0131t\u0131m\u0131 ger\u00e7ekle\u015ftirildi.<br \/>\n<br \/>Proje kapsam\u0131nda, \u0130l \u00d6zel \u0130daresi\u2019nin y\u00fczde 75 hibe deste\u011fi ile 29 \u00e7ift\u00e7iye toplamda 2 bin 784 fidan da\u011f\u0131t\u0131ld\u0131. Bu fidanlar\u0131n bin 918\u2019i h\u00fcnnap, 870\u2019i ise cennet hurmas\u0131 oldu. \u00c7ift\u00e7iler 56 dekar alanda h\u00fcnnap, 31 dekar alanda ise cennet hurmas\u0131 yeti\u015ftirecek. Uygulama b\u00f6lgesi olarak belirlenen Ulu\u00e7am K\u00f6y\u00fc\u2019n\u00fcn, h\u00fcnnap ve cennet hurmas\u0131 yeti\u015ftiricili\u011fi i\u00e7in uygun mikroklima \u00f6zelliklerine sahip oldu\u011fu belirtildi.<br \/>\n<br \/>Kaymakam Hayrettin Bask\u0131n, etkinlikte yapt\u0131\u011f\u0131 konu\u015fmada, \u201cBu t\u00fcr projelerle \u00e7ift\u00e7ilerimizi desteklemeyi ve b\u00f6lge tar\u0131m\u0131n\u0131 daha verimli hale getirmeyi ama\u00e7l\u0131yoruz. H\u00fcnnap ve cennet hurmas\u0131 gibi \u00fcr\u00fcnler, ekonomik getirisi y\u00fcksek se\u00e7enekler sunuyor\u201d dedi.<br \/>\n<br \/>Tav\u015fanl\u0131 \u0130l\u00e7e Tar\u0131m M\u00fcd\u00fcr\u00fc Mustafa G\u00f6k\u00e7e ise yap\u0131lan bu \u00e7al\u0131\u015fman\u0131n b\u00f6lge tar\u0131m\u0131na katk\u0131 sa\u011flayaca\u011f\u0131n\u0131 belirterek, \u00e7ift\u00e7ilerin \u00fcr\u00fcn \u00e7e\u015fitlili\u011fini art\u0131rmas\u0131 ve do\u011fal kaynaklar\u0131n verimli kullan\u0131lmas\u0131 konusunda te\u015fvik edilmesi gerekti\u011fini ifade etti.<br \/>\n<br \/>\u00c7ift\u00e7iler, b\u00f6yle bir projeye dahil olmaktan mutluluk duyduklar\u0131n\u0131 belirterek, \u0130l\u00e7e Tar\u0131m ve Orman M\u00fcd\u00fcrl\u00fc\u011f\u00fc\u2019ne te\u015fekk\u00fcr etti. Proje, b\u00f6lge ekonomisine ve tar\u0131msal \u00fcretime b\u00fcy\u00fck katk\u0131 sa\u011flamay\u0131 hedefliyor.<br \/><\/p>\n","protected":false},"excerpt":{"rendered":"<p>K\u00fctahya\u2019n\u0131n Tav\u015fanl\u0131 il\u00e7esinde, \u0130l\u00e7e Tar\u0131m ve Orman M\u00fcd\u00fcrl\u00fc\u011f\u00fc taraf\u0131ndan haz\u0131rlanan Meyvecili\u011fi Geli\u015ftirme Projesi kapsam\u0131nda, Ulu\u00e7am K\u00f6y\u00fc\u2019nde h\u00fcnnap ve cennet hurmas\u0131 fidanlar\u0131n\u0131n da\u011f\u0131t\u0131m\u0131 ger\u00e7ekle\u015ftirildi. Proje kapsam\u0131nda, \u0130l \u00d6zel \u0130daresi\u2019nin y\u00fczde 75 hibe deste\u011fi ile 29 \u00e7ift\u00e7iye toplamda 2 bin 784 fidan da\u011f\u0131t\u0131ld\u0131. Bu fidanlar\u0131n bin 918\u2019i h\u00fcnnap, 870\u2019i ise cennet hurmas\u0131 oldu. \u00c7ift\u00e7iler 56 dekar alanda&#8230;<\/p>\n","protected":false},"author":1,"featured_media":12115,"comment_status":"open","ping_status":"open","sticky":false,"template":"","format":"standard","meta":{"_crdt_document":"","footnotes":""},"categories":[125],"tags":[],"class_list":["post-12114","post","type-post","status-publish","format-standard","has-post-thumbnail","hentry","category-ekonomi"],"_links":{"self":[{"href":"https:\/\/www.egemtv.com\/index.php?rest_route=\/wp\/v2\/posts\/12114","targetHints":{"allow":["GET"]}}],"collection":[{"href":"https:\/\/www.egemtv.com\/index.php?rest_route=\/wp\/v2\/posts"}],"about":[{"href":"https:\/\/www.egemtv.com\/index.php?rest_route=\/wp\/v2\/types\/post"}],"author":[{"embeddable":true,"href":"https:\/\/www.egemtv.com\/index.php?rest_route=\/wp\/v2\/users\/1"}],"replies":[{"embeddable":true,"href":"https:\/\/www.egemtv.com\/index.php?rest_route=%2Fwp%2Fv2%2Fcomments&post=12114"}],"version-history":[{"count":1,"href":"https:\/\/www.egemtv.com\/index.php?rest_route=\/wp\/v2\/posts\/12114\/revisions"}],"predecessor-version":[{"id":12116,"href":"https:\/\/www.egemtv.com\/index.php?rest_route=\/wp\/v2\/posts\/12114\/revisions\/12116"}],"wp:featuredmedia":[{"embeddable":true,"href":"https:\/\/www.egemtv.com\/index.php?rest_route=\/wp\/v2\/media\/12115"}],"wp:attachment":[{"href":"https:\/\/www.egemtv.com\/index.php?rest_route=%2Fwp%2Fv2%2Fmedia&parent=12114"}],"wp:term":[{"taxonomy":"category","embeddable":true,"href":"https:\/\/www.egemtv.com\/index.php?rest_route=%2Fwp%2Fv2%2Fcategories&post=12114"},{"taxonomy":"post_tag","embeddable":true,"href":"https:\/\/www.egemtv.com\/index.php?rest_route=%2Fwp%2Fv2%2Ftags&post=12114"}],"curies":[{"name":"wp","href":"https:\/\/api.w.org\/{rel}","templated":true}]}}