{"id":12111,"date":"2025-01-24T14:37:36","date_gmt":"2025-01-24T11:37:36","guid":{"rendered":"https:\/\/www.egemtv.com\/?p=12111"},"modified":"2025-01-24T14:37:39","modified_gmt":"2025-01-24T11:37:39","slug":"muglaya-yagmur-ve-kar-uyarisi","status":"publish","type":"post","link":"https:\/\/www.egemtv.com\/?p=12111","title":{"rendered":"Mu\u011fla\u2019ya ya\u011fmur ve kar uyar\u0131s\u0131"},"content":{"rendered":"<p>Meteoroloji 4. B\u00f6lge M\u00fcd\u00fcrl\u00fc\u011f\u00fc B\u00f6lge Tahmin ve Uyar\u0131 Merkezinden yap\u0131lan uyar\u0131da, Mu\u011fla b\u00f6lgesinin do\u011fu kesimleri i\u00e7in ya\u011fmur ve y\u00fcksek rak\u0131ml\u0131 da\u011flar i\u00e7i kar uyar\u0131s\u0131 yap\u0131ld\u0131.<br \/>\n<br \/>Yap\u0131lan uyar\u0131da, \u201cYap\u0131lan son de\u011ferlendirmelere g\u00f6re; 25.01.2025 Cumartesi, g\u00fcn\u00fc \u00f6\u011fle saatlerinden sonra Mu\u011fla\u2019n\u0131n do\u011fu il\u00e7elerinde yerel olarak kuvvetli (21-50 kg\/m2) sa\u011fanak ve g\u00f6k g\u00fcr\u00fclt\u00fcl\u00fc sa\u011fanak ya\u011f\u0131\u015f\u0131 bekleniyor. Ya\u011f\u0131\u015flar\u0131n 1400 metre rak\u0131m \u00fczeri y\u00fcksek kesimlerde kar ya\u011f\u0131\u015f\u0131 \u015feklinde olaca\u011f\u0131 tahmin ediliyor. Kuvvetli ya\u011f\u0131\u015flarla birlikte sel, su bask\u0131n\u0131, y\u0131ld\u0131r\u0131m, y\u00fcksek kesimlerde buzlanma, ula\u015f\u0131mda aksamalar gibi olumsuzluklara kar\u015f\u0131 dikkatli ve tedbirli olunmal\u0131d\u0131r\u201d denildi.<br \/><\/p>\n","protected":false},"excerpt":{"rendered":"<p>Meteoroloji 4. B\u00f6lge M\u00fcd\u00fcrl\u00fc\u011f\u00fc B\u00f6lge Tahmin ve Uyar\u0131 Merkezinden yap\u0131lan uyar\u0131da, Mu\u011fla b\u00f6lgesinin do\u011fu kesimleri i\u00e7in ya\u011fmur ve y\u00fcksek rak\u0131ml\u0131 da\u011flar i\u00e7i kar uyar\u0131s\u0131 yap\u0131ld\u0131. Yap\u0131lan uyar\u0131da, \u201cYap\u0131lan son de\u011ferlendirmelere g\u00f6re; 25.01.2025 Cumartesi, g\u00fcn\u00fc \u00f6\u011fle saatlerinden sonra Mu\u011fla\u2019n\u0131n do\u011fu il\u00e7elerinde yerel olarak kuvvetli (21-50 kg\/m2) sa\u011fanak ve g\u00f6k g\u00fcr\u00fclt\u00fcl\u00fc sa\u011fanak ya\u011f\u0131\u015f\u0131 bekleniyor. Ya\u011f\u0131\u015flar\u0131n 1400 metre&#8230;<\/p>\n","protected":false},"author":1,"featured_media":12112,"comment_status":"open","ping_status":"open","sticky":false,"template":"","format":"standard","meta":{"_crdt_document":"","footnotes":""},"categories":[1],"tags":[],"class_list":["post-12111","post","type-post","status-publish","format-standard","has-post-thumbnail","hentry","category-guncel"],"_links":{"self":[{"href":"https:\/\/www.egemtv.com\/index.php?rest_route=\/wp\/v2\/posts\/12111","targetHints":{"allow":["GET"]}}],"collection":[{"href":"https:\/\/www.egemtv.com\/index.php?rest_route=\/wp\/v2\/posts"}],"about":[{"href":"https:\/\/www.egemtv.com\/index.php?rest_route=\/wp\/v2\/types\/post"}],"author":[{"embeddable":true,"href":"https:\/\/www.egemtv.com\/index.php?rest_route=\/wp\/v2\/users\/1"}],"replies":[{"embeddable":true,"href":"https:\/\/www.egemtv.com\/index.php?rest_route=%2Fwp%2Fv2%2Fcomments&post=12111"}],"version-history":[{"count":1,"href":"https:\/\/www.egemtv.com\/index.php?rest_route=\/wp\/v2\/posts\/12111\/revisions"}],"predecessor-version":[{"id":12113,"href":"https:\/\/www.egemtv.com\/index.php?rest_route=\/wp\/v2\/posts\/12111\/revisions\/12113"}],"wp:featuredmedia":[{"embeddable":true,"href":"https:\/\/www.egemtv.com\/index.php?rest_route=\/wp\/v2\/media\/12112"}],"wp:attachment":[{"href":"https:\/\/www.egemtv.com\/index.php?rest_route=%2Fwp%2Fv2%2Fmedia&parent=12111"}],"wp:term":[{"taxonomy":"category","embeddable":true,"href":"https:\/\/www.egemtv.com\/index.php?rest_route=%2Fwp%2Fv2%2Fcategories&post=12111"},{"taxonomy":"post_tag","embeddable":true,"href":"https:\/\/www.egemtv.com\/index.php?rest_route=%2Fwp%2Fv2%2Ftags&post=12111"}],"curies":[{"name":"wp","href":"https:\/\/api.w.org\/{rel}","templated":true}]}}