{"id":12108,"date":"2025-01-24T14:28:32","date_gmt":"2025-01-24T11:28:32","guid":{"rendered":"https:\/\/www.egemtv.com\/?p=12108"},"modified":"2025-01-24T14:28:35","modified_gmt":"2025-01-24T11:28:35","slug":"egirdir-golunun-gelecegi-icin-cozum-onerileri-masaya-yatirildi","status":"publish","type":"post","link":"https:\/\/www.egemtv.com\/?p=12108","title":{"rendered":"E\u011firdir G\u00f6l\u00fc\u2019n\u00fcn gelece\u011fi i\u00e7in \u00e7\u00f6z\u00fcm \u00f6nerileri masaya yat\u0131r\u0131ld\u0131"},"content":{"rendered":"<p>Isparta\u2019daki E\u011firdir G\u00f6l\u00fc\u2019n\u00fcn korunmas\u0131na y\u00f6nelik \u00e7\u00f6z\u00fcm \u00f6nerileri d\u00fczenlenen toplant\u0131da masaya yat\u0131r\u0131ld\u0131.<br \/>\n<br \/>E\u011firdir Kaymakam\u0131 \u00d6mer \u00c7im\u015fit, E\u011firdir G\u00f6l\u00fc\u2019nde faaliyet g\u00f6steren bal\u0131k\u00e7\u0131 kooperatiflerinin sorun ve taleplerini dinledi. \u0130l Tar\u0131m ve Orman M\u00fcd\u00fcr\u00fc Mehmet Tu\u011frul ve E\u011firdir \u0130l\u00e7e Tar\u0131m ve Orman M\u00fcd\u00fcr\u00fc Yahya Enes \u00dcnsal\u2019\u0131n kat\u0131l\u0131m\u0131yla ger\u00e7ekle\u015ftirilen toplant\u0131ya 10 bal\u0131k\u00e7\u0131 kooperatifi ba\u015fkan\u0131 kat\u0131ld\u0131. Toplant\u0131da kooperatiflerin faaliyetleri hakk\u0131nda bilgiler payla\u015f\u0131ld\u0131 ve ard\u0131ndan Kaymakam \u00c7im\u015fit, kat\u0131l\u0131mc\u0131lardan istek, \u015fikayet ve \u00f6nerilerini dinledi. Kat\u0131l\u0131mc\u0131lar, g\u00f6lde ya\u015fanan sorunlar hakk\u0131nda detayl\u0131 bilgi verirken \u00e7evresel d\u00f6n\u00fc\u015f\u00fcm ve ekonomik geli\u015fim i\u00e7in \u00f6nerilerde bulundu.<br \/>\n<br \/>Toplant\u0131n\u0131n ana g\u00fcndem maddesi, E\u011firdir G\u00f6l\u00fc\u2019n\u00fcn biyolojik \u00e7e\u015fitlili\u011fini korumak ve bal\u0131k\u00e7\u0131l\u0131kla ilgili s\u00fcrd\u00fcr\u00fclebilir uygulamalar\u0131 gelece\u011fe ta\u015f\u0131mak oldu. Kaymakam \u00c7im\u015fit, toplant\u0131 sonunda yapt\u0131\u011f\u0131 konu\u015fmada, g\u00f6l\u00fcn ekosistem ve ekonomik a\u00e7\u0131dan b\u00f6lge i\u00e7in b\u00fcy\u00fck \u00f6nem ta\u015f\u0131d\u0131\u011f\u0131n\u0131 vurgulayarak, s\u00fcrd\u00fcr\u00fclebilirli\u011fini sa\u011flaman\u0131n ortak sorumluluk oldu\u011funu belirtti. Bal\u0131k\u00e7\u0131lar ve kooperatif ba\u015fkanlar\u0131 ise bu t\u00fcr toplant\u0131lar\u0131n daha s\u0131k yap\u0131lmas\u0131n\u0131 temenni ettiklerini ifade etti. Bulu\u015fma, \u00e7\u00f6z\u00fcm odakl\u0131 bir yakla\u015f\u0131m ile sona erdi.<br \/><\/p>\n","protected":false},"excerpt":{"rendered":"<p>Isparta\u2019daki E\u011firdir G\u00f6l\u00fc\u2019n\u00fcn korunmas\u0131na y\u00f6nelik \u00e7\u00f6z\u00fcm \u00f6nerileri d\u00fczenlenen toplant\u0131da masaya yat\u0131r\u0131ld\u0131. E\u011firdir Kaymakam\u0131 \u00d6mer \u00c7im\u015fit, E\u011firdir G\u00f6l\u00fc\u2019nde faaliyet g\u00f6steren bal\u0131k\u00e7\u0131 kooperatiflerinin sorun ve taleplerini dinledi. \u0130l Tar\u0131m ve Orman M\u00fcd\u00fcr\u00fc Mehmet Tu\u011frul ve E\u011firdir \u0130l\u00e7e Tar\u0131m ve Orman M\u00fcd\u00fcr\u00fc Yahya Enes \u00dcnsal\u2019\u0131n kat\u0131l\u0131m\u0131yla ger\u00e7ekle\u015ftirilen toplant\u0131ya 10 bal\u0131k\u00e7\u0131 kooperatifi ba\u015fkan\u0131 kat\u0131ld\u0131. Toplant\u0131da kooperatiflerin faaliyetleri hakk\u0131nda bilgiler&#8230;<\/p>\n","protected":false},"author":1,"featured_media":12109,"comment_status":"open","ping_status":"open","sticky":false,"template":"","format":"standard","meta":{"_crdt_document":"","footnotes":""},"categories":[1],"tags":[],"class_list":["post-12108","post","type-post","status-publish","format-standard","has-post-thumbnail","hentry","category-guncel"],"_links":{"self":[{"href":"https:\/\/www.egemtv.com\/index.php?rest_route=\/wp\/v2\/posts\/12108","targetHints":{"allow":["GET"]}}],"collection":[{"href":"https:\/\/www.egemtv.com\/index.php?rest_route=\/wp\/v2\/posts"}],"about":[{"href":"https:\/\/www.egemtv.com\/index.php?rest_route=\/wp\/v2\/types\/post"}],"author":[{"embeddable":true,"href":"https:\/\/www.egemtv.com\/index.php?rest_route=\/wp\/v2\/users\/1"}],"replies":[{"embeddable":true,"href":"https:\/\/www.egemtv.com\/index.php?rest_route=%2Fwp%2Fv2%2Fcomments&post=12108"}],"version-history":[{"count":1,"href":"https:\/\/www.egemtv.com\/index.php?rest_route=\/wp\/v2\/posts\/12108\/revisions"}],"predecessor-version":[{"id":12110,"href":"https:\/\/www.egemtv.com\/index.php?rest_route=\/wp\/v2\/posts\/12108\/revisions\/12110"}],"wp:featuredmedia":[{"embeddable":true,"href":"https:\/\/www.egemtv.com\/index.php?rest_route=\/wp\/v2\/media\/12109"}],"wp:attachment":[{"href":"https:\/\/www.egemtv.com\/index.php?rest_route=%2Fwp%2Fv2%2Fmedia&parent=12108"}],"wp:term":[{"taxonomy":"category","embeddable":true,"href":"https:\/\/www.egemtv.com\/index.php?rest_route=%2Fwp%2Fv2%2Fcategories&post=12108"},{"taxonomy":"post_tag","embeddable":true,"href":"https:\/\/www.egemtv.com\/index.php?rest_route=%2Fwp%2Fv2%2Ftags&post=12108"}],"curies":[{"name":"wp","href":"https:\/\/api.w.org\/{rel}","templated":true}]}}