{"id":12105,"date":"2025-01-24T14:16:21","date_gmt":"2025-01-24T11:16:21","guid":{"rendered":"https:\/\/www.egemtv.com\/?p=12105"},"modified":"2025-01-24T14:16:24","modified_gmt":"2025-01-24T11:16:24","slug":"datcada-demeter-heykeline-cirkin-saldiri","status":"publish","type":"post","link":"https:\/\/www.egemtv.com\/?p=12105","title":{"rendered":"Dat\u00e7a\u2019da Demeter heykeline \u00e7irkin sald\u0131r\u0131"},"content":{"rendered":"<p>Mu\u011fla\u2019n\u0131n Dat\u00e7a il\u00e7esinde, Demeter heykeline y\u00f6nelik ger\u00e7ekle\u015ftirilen sald\u0131r\u0131 k\u0131nand\u0131.<\/p>\n<p>Edinilen bilgiye g\u00f6re, kimli\u011fi belirsiz ki\u015fi yada ki\u015filer taraf\u0131ndan Dat\u00e7a Yat Liman\u0131\u2019nda yer alan Demeter heykeline boyal\u0131 sald\u0131r\u0131 ger\u00e7ekle\u015ftirildi. Dat\u00e7a Belediyesi sald\u0131r\u0131n\u0131n ard\u0131ndan yapt\u0131\u011f\u0131 a\u00e7\u0131klamada, olay\u0131n sorumlular\u0131n\u0131n tespit edilmesi i\u00e7in gerekli yasal s\u00fcrecin ba\u015flat\u0131ld\u0131\u011f\u0131n\u0131 belirtti. Ayr\u0131ca, heykelin en k\u0131sa s\u00fcrede onar\u0131laca\u011f\u0131 duyuruldu. Belediyenin sosyal medya hesab\u0131ndan yap\u0131lan a\u00e7\u0131klamada, \u201cSanata ve k\u00fclt\u00fcrel de\u011ferlere y\u00f6nelik bu t\u00fcr \u00e7irkin sald\u0131r\u0131lara kar\u015f\u0131 m\u00fccadelemizi kararl\u0131l\u0131kla s\u00fcrd\u00fcrece\u011fiz\u201d denilerek, bu t\u00fcr vandall\u0131klara kar\u015f\u0131 toplumun k\u00fclt\u00fcrel de\u011ferlerini koruma konusunda kararl\u0131 olduklar\u0131 ifade edildi.<br \/><\/p>\n","protected":false},"excerpt":{"rendered":"<p>Mu\u011fla\u2019n\u0131n Dat\u00e7a il\u00e7esinde, Demeter heykeline y\u00f6nelik ger\u00e7ekle\u015ftirilen sald\u0131r\u0131 k\u0131nand\u0131. Edinilen bilgiye g\u00f6re, kimli\u011fi belirsiz ki\u015fi yada ki\u015filer taraf\u0131ndan Dat\u00e7a Yat Liman\u0131\u2019nda yer alan Demeter heykeline boyal\u0131 sald\u0131r\u0131 ger\u00e7ekle\u015ftirildi. Dat\u00e7a Belediyesi sald\u0131r\u0131n\u0131n ard\u0131ndan yapt\u0131\u011f\u0131 a\u00e7\u0131klamada, olay\u0131n sorumlular\u0131n\u0131n tespit edilmesi i\u00e7in gerekli yasal s\u00fcrecin ba\u015flat\u0131ld\u0131\u011f\u0131n\u0131 belirtti. Ayr\u0131ca, heykelin en k\u0131sa s\u00fcrede onar\u0131laca\u011f\u0131 duyuruldu. Belediyenin sosyal medya hesab\u0131ndan&#8230;<\/p>\n","protected":false},"author":1,"featured_media":12106,"comment_status":"open","ping_status":"open","sticky":false,"template":"","format":"standard","meta":{"_crdt_document":"","footnotes":""},"categories":[1],"tags":[],"class_list":["post-12105","post","type-post","status-publish","format-standard","has-post-thumbnail","hentry","category-guncel"],"_links":{"self":[{"href":"https:\/\/www.egemtv.com\/index.php?rest_route=\/wp\/v2\/posts\/12105","targetHints":{"allow":["GET"]}}],"collection":[{"href":"https:\/\/www.egemtv.com\/index.php?rest_route=\/wp\/v2\/posts"}],"about":[{"href":"https:\/\/www.egemtv.com\/index.php?rest_route=\/wp\/v2\/types\/post"}],"author":[{"embeddable":true,"href":"https:\/\/www.egemtv.com\/index.php?rest_route=\/wp\/v2\/users\/1"}],"replies":[{"embeddable":true,"href":"https:\/\/www.egemtv.com\/index.php?rest_route=%2Fwp%2Fv2%2Fcomments&post=12105"}],"version-history":[{"count":1,"href":"https:\/\/www.egemtv.com\/index.php?rest_route=\/wp\/v2\/posts\/12105\/revisions"}],"predecessor-version":[{"id":12107,"href":"https:\/\/www.egemtv.com\/index.php?rest_route=\/wp\/v2\/posts\/12105\/revisions\/12107"}],"wp:featuredmedia":[{"embeddable":true,"href":"https:\/\/www.egemtv.com\/index.php?rest_route=\/wp\/v2\/media\/12106"}],"wp:attachment":[{"href":"https:\/\/www.egemtv.com\/index.php?rest_route=%2Fwp%2Fv2%2Fmedia&parent=12105"}],"wp:term":[{"taxonomy":"category","embeddable":true,"href":"https:\/\/www.egemtv.com\/index.php?rest_route=%2Fwp%2Fv2%2Fcategories&post=12105"},{"taxonomy":"post_tag","embeddable":true,"href":"https:\/\/www.egemtv.com\/index.php?rest_route=%2Fwp%2Fv2%2Ftags&post=12105"}],"curies":[{"name":"wp","href":"https:\/\/api.w.org\/{rel}","templated":true}]}}