{"id":12102,"date":"2025-01-24T14:13:06","date_gmt":"2025-01-24T11:13:06","guid":{"rendered":"https:\/\/www.egemtv.com\/?p=12102"},"modified":"2025-01-24T14:13:09","modified_gmt":"2025-01-24T11:13:09","slug":"baskan-cercioglu-kusadasinda-cevre-bakim-calismalarini-surduruyor","status":"publish","type":"post","link":"https:\/\/www.egemtv.com\/?p=12102","title":{"rendered":"Ba\u015fkan \u00c7er\u00e7io\u011flu, Ku\u015fadas\u0131\u2019nda \u00e7evre bak\u0131m \u00e7al\u0131\u015fmalar\u0131n\u0131 s\u00fcrd\u00fcr\u00fcyor"},"content":{"rendered":"<p>Ayd\u0131n B\u00fcy\u00fck\u015fehir Belediyesi taraf\u0131ndan Ku\u015fadas\u0131\u2019ndan Buharkent\u2019e kadar Ayd\u0131n\u2019\u0131n t\u00fcm il\u00e7elerinde hayata ge\u00e7irilen \u00e7al\u0131\u015fmalar devam ediyor.<\/p>\n<p>B\u00fcy\u00fck\u015fehir Belediyesi \u00c7evre Koruma ve Kontrol Dairesi Ba\u015fkanl\u0131\u011f\u0131 ekipleri, Ku\u015fadas\u0131 il\u00e7esinde kapsaml\u0131 \u00e7evre bak\u0131m \u00e7al\u0131\u015fmas\u0131 ger\u00e7ekle\u015ftirdi. \u00c7al\u0131\u015fmalar kapsam\u0131nda cadde ve bulvarlarda \u00e7al\u0131\u015fma ger\u00e7ekle\u015ftiren ekipler, otob\u00fcs duraklar\u0131n\u0131 temizledi. 6 ara\u00e7 ve 30 personel ile ger\u00e7ekle\u015ftirilen hummal\u0131 \u00e7al\u0131\u015fmalar vatanda\u015flardan da tam not ald\u0131.<\/p>\n<p>T\u00fcm il\u00e7elerde oldu\u011fu gibi Ku\u015fadas\u0131\u2019nda da k\u0131rsal mahallelerden kent merkezine kadar kentin d\u00f6rt bir yan\u0131nda B\u00fcy\u00fck\u015fehir Belediyesi\u2019nin hizmetleri aral\u0131ks\u0131z olarak vatanda\u015flara ula\u015ft\u0131r\u0131l\u0131yor. B\u00fcy\u00fck\u015fehir Belediyesi\u2019nin mesai mefhumu g\u00f6zetmeksizin ger\u00e7ekle\u015ftirdi\u011fi hizmetler ile kazanan Ku\u015fadas\u0131 ve Ku\u015fadas\u0131\u2019nda ya\u015fayan vatanda\u015flar oluyor.<\/p>\n<p>Ba\u015fkan \u00c7er\u00e7io\u011flu: \u201cVatanda\u015flar\u0131m\u0131za hizmetlerimizi ula\u015ft\u0131rmay\u0131 s\u00fcrd\u00fcrece\u011fiz\u201d<br \/>\n<br \/>Ayd\u0131n B\u00fcy\u00fck\u015fehir Belediye Ba\u015fkan\u0131 \u00d6zlem \u00c7er\u00e7io\u011flu, kent genelinde \u00e7evre temizli\u011fi ve bak\u0131m faaliyetlerinin devam edece\u011fini belirterek, \u201cHem\u015fehrilerimize hizmetlerimizi ula\u015ft\u0131rmaya, \u00e7al\u0131\u015fmalar\u0131m\u0131z ile kentimize de\u011fer katmaya devam ediyoruz. Ayd\u0131n i\u00e7in \u00e7al\u0131\u015fmaya, vatanda\u015f odakl\u0131 belediyecilik hizmetlerimizi s\u00fcrd\u00fcrmeye devam edece\u011fiz&#8221; ifadelerini kulland\u0131.<\/p>\n<p>\u00c7al\u0131\u015fmalardan memnuniyet duyduklar\u0131n\u0131 belirten vatanda\u015flar, Ayd\u0131n B\u00fcy\u00fck\u015fehir Belediye Ba\u015fkan\u0131 \u00d6zlem \u00c7er\u00e7io\u011flu\u2019na te\u015fekk\u00fcr etti.<br \/><\/p>\n","protected":false},"excerpt":{"rendered":"<p>Ayd\u0131n B\u00fcy\u00fck\u015fehir Belediyesi taraf\u0131ndan Ku\u015fadas\u0131\u2019ndan Buharkent\u2019e kadar Ayd\u0131n\u2019\u0131n t\u00fcm il\u00e7elerinde hayata ge\u00e7irilen \u00e7al\u0131\u015fmalar devam ediyor. B\u00fcy\u00fck\u015fehir Belediyesi \u00c7evre Koruma ve Kontrol Dairesi Ba\u015fkanl\u0131\u011f\u0131 ekipleri, Ku\u015fadas\u0131 il\u00e7esinde kapsaml\u0131 \u00e7evre bak\u0131m \u00e7al\u0131\u015fmas\u0131 ger\u00e7ekle\u015ftirdi. \u00c7al\u0131\u015fmalar kapsam\u0131nda cadde ve bulvarlarda \u00e7al\u0131\u015fma ger\u00e7ekle\u015ftiren ekipler, otob\u00fcs duraklar\u0131n\u0131 temizledi. 6 ara\u00e7 ve 30 personel ile ger\u00e7ekle\u015ftirilen hummal\u0131 \u00e7al\u0131\u015fmalar vatanda\u015flardan da tam not&#8230;<\/p>\n","protected":false},"author":1,"featured_media":12103,"comment_status":"open","ping_status":"open","sticky":false,"template":"","format":"standard","meta":{"_crdt_document":"","footnotes":""},"categories":[1],"tags":[],"class_list":["post-12102","post","type-post","status-publish","format-standard","has-post-thumbnail","hentry","category-guncel"],"_links":{"self":[{"href":"https:\/\/www.egemtv.com\/index.php?rest_route=\/wp\/v2\/posts\/12102","targetHints":{"allow":["GET"]}}],"collection":[{"href":"https:\/\/www.egemtv.com\/index.php?rest_route=\/wp\/v2\/posts"}],"about":[{"href":"https:\/\/www.egemtv.com\/index.php?rest_route=\/wp\/v2\/types\/post"}],"author":[{"embeddable":true,"href":"https:\/\/www.egemtv.com\/index.php?rest_route=\/wp\/v2\/users\/1"}],"replies":[{"embeddable":true,"href":"https:\/\/www.egemtv.com\/index.php?rest_route=%2Fwp%2Fv2%2Fcomments&post=12102"}],"version-history":[{"count":1,"href":"https:\/\/www.egemtv.com\/index.php?rest_route=\/wp\/v2\/posts\/12102\/revisions"}],"predecessor-version":[{"id":12104,"href":"https:\/\/www.egemtv.com\/index.php?rest_route=\/wp\/v2\/posts\/12102\/revisions\/12104"}],"wp:featuredmedia":[{"embeddable":true,"href":"https:\/\/www.egemtv.com\/index.php?rest_route=\/wp\/v2\/media\/12103"}],"wp:attachment":[{"href":"https:\/\/www.egemtv.com\/index.php?rest_route=%2Fwp%2Fv2%2Fmedia&parent=12102"}],"wp:term":[{"taxonomy":"category","embeddable":true,"href":"https:\/\/www.egemtv.com\/index.php?rest_route=%2Fwp%2Fv2%2Fcategories&post=12102"},{"taxonomy":"post_tag","embeddable":true,"href":"https:\/\/www.egemtv.com\/index.php?rest_route=%2Fwp%2Fv2%2Ftags&post=12102"}],"curies":[{"name":"wp","href":"https:\/\/api.w.org\/{rel}","templated":true}]}}