{"id":12099,"date":"2025-01-24T13:55:05","date_gmt":"2025-01-24T10:55:05","guid":{"rendered":"https:\/\/www.egemtv.com\/?p=12099"},"modified":"2025-01-24T13:55:07","modified_gmt":"2025-01-24T10:55:07","slug":"kacak-balik-avciligiyla-mucadele-suruyor","status":"publish","type":"post","link":"https:\/\/www.egemtv.com\/?p=12099","title":{"rendered":"Ka\u00e7ak bal\u0131k avc\u0131l\u0131\u011f\u0131yla m\u00fccadele s\u00fcr\u00fcyor"},"content":{"rendered":"<p>Afyonkarahisar\u2019da baraj ve g\u00f6letlerde yap\u0131lan ka\u00e7ak bal\u0131k avc\u0131l\u0131\u011f\u0131na y\u00f6nelik yap\u0131lan denetimde sahipsiz y\u00fczlerce metre a\u011f ele ge\u00e7irildi.<br \/>\n<br \/>Afyonkarahisar Tar\u0131m ve Orman M\u00fcd\u00fcrl\u00fc\u011f\u00fc\u2019nden yap\u0131lan yaz\u0131l\u0131 a\u00e7\u0131klamada denetimlerin \u00c7ay ve Sultanda\u011f\u0131 il\u00e7elerinde ger\u00e7ekle\u015ftirildi\u011fi belirtildi. A\u00e7\u0131klamada, \u201c\u00c7ay ve Sultanda\u011f\u0131 \u0130l\u00e7e Tar\u0131m ve Orman M\u00fcd\u00fcrl\u00fc\u011f\u00fc teknik personelleri taraf\u0131ndan Karam\u0131k g\u00f6l\u00fcnde su \u00fcr\u00fcnleri kanunu \u00e7er\u00e7evesinde yap\u0131lan denetimlerde ka\u00e7ak av i\u00e7in kullan\u0131lan sahipsiz pinter ve bal\u0131k a\u011f\u0131 yakalanm\u0131\u015f, a\u011fda ve pinterde bulunan canl\u0131 bal\u0131klar tekrar men\u015feine geri b\u0131rak\u0131lm\u0131\u015ft\u0131r\u201d ifadelerine yer verildi.<br \/><\/p>\n","protected":false},"excerpt":{"rendered":"<p>Afyonkarahisar\u2019da baraj ve g\u00f6letlerde yap\u0131lan ka\u00e7ak bal\u0131k avc\u0131l\u0131\u011f\u0131na y\u00f6nelik yap\u0131lan denetimde sahipsiz y\u00fczlerce metre a\u011f ele ge\u00e7irildi. Afyonkarahisar Tar\u0131m ve Orman M\u00fcd\u00fcrl\u00fc\u011f\u00fc\u2019nden yap\u0131lan yaz\u0131l\u0131 a\u00e7\u0131klamada denetimlerin \u00c7ay ve Sultanda\u011f\u0131 il\u00e7elerinde ger\u00e7ekle\u015ftirildi\u011fi belirtildi. A\u00e7\u0131klamada, \u201c\u00c7ay ve Sultanda\u011f\u0131 \u0130l\u00e7e Tar\u0131m ve Orman M\u00fcd\u00fcrl\u00fc\u011f\u00fc teknik personelleri taraf\u0131ndan Karam\u0131k g\u00f6l\u00fcnde su \u00fcr\u00fcnleri kanunu \u00e7er\u00e7evesinde yap\u0131lan denetimlerde ka\u00e7ak av i\u00e7in&#8230;<\/p>\n","protected":false},"author":1,"featured_media":12100,"comment_status":"open","ping_status":"open","sticky":false,"template":"","format":"standard","meta":{"_crdt_document":"","footnotes":""},"categories":[1],"tags":[],"class_list":["post-12099","post","type-post","status-publish","format-standard","has-post-thumbnail","hentry","category-guncel"],"_links":{"self":[{"href":"https:\/\/www.egemtv.com\/index.php?rest_route=\/wp\/v2\/posts\/12099","targetHints":{"allow":["GET"]}}],"collection":[{"href":"https:\/\/www.egemtv.com\/index.php?rest_route=\/wp\/v2\/posts"}],"about":[{"href":"https:\/\/www.egemtv.com\/index.php?rest_route=\/wp\/v2\/types\/post"}],"author":[{"embeddable":true,"href":"https:\/\/www.egemtv.com\/index.php?rest_route=\/wp\/v2\/users\/1"}],"replies":[{"embeddable":true,"href":"https:\/\/www.egemtv.com\/index.php?rest_route=%2Fwp%2Fv2%2Fcomments&post=12099"}],"version-history":[{"count":1,"href":"https:\/\/www.egemtv.com\/index.php?rest_route=\/wp\/v2\/posts\/12099\/revisions"}],"predecessor-version":[{"id":12101,"href":"https:\/\/www.egemtv.com\/index.php?rest_route=\/wp\/v2\/posts\/12099\/revisions\/12101"}],"wp:featuredmedia":[{"embeddable":true,"href":"https:\/\/www.egemtv.com\/index.php?rest_route=\/wp\/v2\/media\/12100"}],"wp:attachment":[{"href":"https:\/\/www.egemtv.com\/index.php?rest_route=%2Fwp%2Fv2%2Fmedia&parent=12099"}],"wp:term":[{"taxonomy":"category","embeddable":true,"href":"https:\/\/www.egemtv.com\/index.php?rest_route=%2Fwp%2Fv2%2Fcategories&post=12099"},{"taxonomy":"post_tag","embeddable":true,"href":"https:\/\/www.egemtv.com\/index.php?rest_route=%2Fwp%2Fv2%2Ftags&post=12099"}],"curies":[{"name":"wp","href":"https:\/\/api.w.org\/{rel}","templated":true}]}}