{"id":12093,"date":"2025-01-24T13:52:32","date_gmt":"2025-01-24T10:52:32","guid":{"rendered":"https:\/\/www.egemtv.com\/?p=12093"},"modified":"2025-01-24T13:52:35","modified_gmt":"2025-01-24T10:52:35","slug":"aranan-8-kisi-teknede-uyusturucu-ile-yakalandi","status":"publish","type":"post","link":"https:\/\/www.egemtv.com\/?p=12093","title":{"rendered":"Aranan 8 ki\u015fi teknede uyu\u015fturucu ile yakaland\u0131"},"content":{"rendered":"<p>Mu\u011fla\u2019n\u0131n Marmaris il\u00e7esinde haklar\u0131nda arama kayd\u0131 bulunan 8 \u015fah\u0131s, Sahil G\u00fcvenlik G\u00fcney Ege Grup Komutanl\u0131\u011f\u0131 ekipleri taraf\u0131ndan yelkenlide yakaland\u0131. Teknede yap\u0131lan aramada 10 gram esrar da ele ge\u00e7irildi.<br \/>\n<br \/>Edinilen bilgiye g\u00f6re, Sahil G\u00fcvenlik G\u00fcney Ege Grup Komutanl\u0131\u011f\u0131 ekipleri, haklar\u0131nda 4 y\u0131l 10 ay 1 haftal\u0131k arama kayd\u0131 bulunan 8 \u015fahs\u0131 Marmaris il\u00e7esi Ser\u00e7e Koyu a\u00e7\u0131klar\u0131nda bulunan \u2019Maya\u2019 isimli yelkenlide yakalad\u0131. Teknede yap\u0131lan aramada 10 gram esrar ele ge\u00e7irildi. Operasyonla ilgili sosyal medya hesab\u0131ndan payla\u015f\u0131m yapan Mu\u011fla Valisi \u0130dris Akb\u0131y\u0131k, \u201cAranan su\u00e7lular\u0131n sokaklar\u0131m\u0131zda ve mavi vatanda gezmelerine, vatanda\u015flar\u0131m\u0131z\u0131n huzurunu ka\u00e7\u0131rmalar\u0131na m\u00fcsaade etmedik, etmeyece\u011fiz. Mavi vatan\u0131m\u0131z\u0131n her noktas\u0131nda gece g\u00fcnd\u00fcz demeden huzur ve g\u00fcvenli\u011fi koruyan, g\u00f6revlerini canla ba\u015fla yerine getiren kahraman Sahil G\u00fcvenli\u011fimizi tebrik ediyoruz\u201d ifadelerini kulland\u0131.<br \/><\/p>\n","protected":false},"excerpt":{"rendered":"<p>Mu\u011fla\u2019n\u0131n Marmaris il\u00e7esinde haklar\u0131nda arama kayd\u0131 bulunan 8 \u015fah\u0131s, Sahil G\u00fcvenlik G\u00fcney Ege Grup Komutanl\u0131\u011f\u0131 ekipleri taraf\u0131ndan yelkenlide yakaland\u0131. Teknede yap\u0131lan aramada 10 gram esrar da ele ge\u00e7irildi. Edinilen bilgiye g\u00f6re, Sahil G\u00fcvenlik G\u00fcney Ege Grup Komutanl\u0131\u011f\u0131 ekipleri, haklar\u0131nda 4 y\u0131l 10 ay 1 haftal\u0131k arama kayd\u0131 bulunan 8 \u015fahs\u0131 Marmaris il\u00e7esi Ser\u00e7e Koyu a\u00e7\u0131klar\u0131nda&#8230;<\/p>\n","protected":false},"author":1,"featured_media":12094,"comment_status":"open","ping_status":"open","sticky":false,"template":"","format":"standard","meta":{"_crdt_document":"","footnotes":""},"categories":[5],"tags":[],"class_list":["post-12093","post","type-post","status-publish","format-standard","has-post-thumbnail","hentry","category-asayis"],"_links":{"self":[{"href":"https:\/\/www.egemtv.com\/index.php?rest_route=\/wp\/v2\/posts\/12093","targetHints":{"allow":["GET"]}}],"collection":[{"href":"https:\/\/www.egemtv.com\/index.php?rest_route=\/wp\/v2\/posts"}],"about":[{"href":"https:\/\/www.egemtv.com\/index.php?rest_route=\/wp\/v2\/types\/post"}],"author":[{"embeddable":true,"href":"https:\/\/www.egemtv.com\/index.php?rest_route=\/wp\/v2\/users\/1"}],"replies":[{"embeddable":true,"href":"https:\/\/www.egemtv.com\/index.php?rest_route=%2Fwp%2Fv2%2Fcomments&post=12093"}],"version-history":[{"count":1,"href":"https:\/\/www.egemtv.com\/index.php?rest_route=\/wp\/v2\/posts\/12093\/revisions"}],"predecessor-version":[{"id":12095,"href":"https:\/\/www.egemtv.com\/index.php?rest_route=\/wp\/v2\/posts\/12093\/revisions\/12095"}],"wp:featuredmedia":[{"embeddable":true,"href":"https:\/\/www.egemtv.com\/index.php?rest_route=\/wp\/v2\/media\/12094"}],"wp:attachment":[{"href":"https:\/\/www.egemtv.com\/index.php?rest_route=%2Fwp%2Fv2%2Fmedia&parent=12093"}],"wp:term":[{"taxonomy":"category","embeddable":true,"href":"https:\/\/www.egemtv.com\/index.php?rest_route=%2Fwp%2Fv2%2Fcategories&post=12093"},{"taxonomy":"post_tag","embeddable":true,"href":"https:\/\/www.egemtv.com\/index.php?rest_route=%2Fwp%2Fv2%2Ftags&post=12093"}],"curies":[{"name":"wp","href":"https:\/\/api.w.org\/{rel}","templated":true}]}}