{"id":12084,"date":"2025-01-24T13:49:52","date_gmt":"2025-01-24T10:49:52","guid":{"rendered":"https:\/\/www.egemtv.com\/?p=12084"},"modified":"2025-01-24T13:49:54","modified_gmt":"2025-01-24T10:49:54","slug":"nazillideki-yesil-alanlarda-temizlik-ve-bakim-calismasi-suruyor","status":"publish","type":"post","link":"https:\/\/www.egemtv.com\/?p=12084","title":{"rendered":"Nazilli\u2019deki ye\u015fil alanlarda temizlik ve bak\u0131m \u00e7al\u0131\u015fmas\u0131 s\u00fcr\u00fcyor"},"content":{"rendered":"<p>Nazilli Belediyesi Temizlik \u0130\u015fleri M\u00fcd\u00fcrl\u00fc\u011f\u00fc il\u00e7e genelinde ye\u015fil alanlarda ba\u015flatt\u0131\u011f\u0131 kapsaml\u0131 temizlik ve bak\u0131m \u00e7al\u0131\u015fmalar\u0131 s\u00fcr\u00fcyor.<\/p>\n<p>Botanik Park, S\u00fcleyman Demirel Park\u0131, Adnan Menderes Park\u0131 ve \u015eehit Mehmet Dinek Spor Alan\u0131\u2019nda y\u00fcr\u00fct\u00fclen \u00e7al\u0131\u015fmalar kapsam\u0131nda; \u00e7ocuk oyun alanlar\u0131, y\u00fcr\u00fcy\u00fc\u015f parkurlar\u0131 ve spor sahalar\u0131ndan banklara kadar her noktada titiz bir temizlik ger\u00e7ekle\u015ftirildi. \u00c7im bi\u00e7me, kuruyan dallar\u0131n budanmas\u0131 ve \u00e7evre d\u00fczenlemeleri ile alanlar hem daha estetik hem de daha kullan\u0131\u015fl\u0131 bir g\u00f6r\u00fcn\u00fcme kavu\u015fturuldu. \u00d6zellikle aileler ve \u00e7ocuklar i\u00e7in b\u00fcy\u00fck \u00f6neme sahip olan parklar, Nazillililer i\u00e7in temiz ve sa\u011fl\u0131kl\u0131 bir bulu\u015fma noktas\u0131 haline getirildi.<\/p>\n<p>\u00c7al\u0131\u015fmalar\u0131n il\u00e7e genelindeki t\u00fcm ye\u015fil alanlarda s\u00fcrd\u00fcr\u00fclece\u011fini ifade eden Nazilli Belediye Ba\u015fkan\u0131 Dr. Ertu\u011frul Tetik, \u201cParklar\u0131m\u0131z, il\u00e7emizin nefes alanlar\u0131 ve sosyalle\u015fme merkezleri. Halk\u0131m\u0131z\u0131n bu alanlarda huzurla zaman ge\u00e7irebilmesi i\u00e7in d\u00fczenli temizlik ve bak\u0131m \u00e7al\u0131\u015fmalar\u0131m\u0131z\u0131 s\u00fcrd\u00fcr\u00fcyoruz. Ye\u015fil alanlar\u0131m\u0131z\u0131 hep birlikte koruyarak gelecek nesillere ya\u015fan\u0131r bir Nazilli b\u0131rakaca\u011f\u0131z&#8221; s\u00f6zlerini kaydetti.<br \/><\/p>\n","protected":false},"excerpt":{"rendered":"<p>Nazilli Belediyesi Temizlik \u0130\u015fleri M\u00fcd\u00fcrl\u00fc\u011f\u00fc il\u00e7e genelinde ye\u015fil alanlarda ba\u015flatt\u0131\u011f\u0131 kapsaml\u0131 temizlik ve bak\u0131m \u00e7al\u0131\u015fmalar\u0131 s\u00fcr\u00fcyor. Botanik Park, S\u00fcleyman Demirel Park\u0131, Adnan Menderes Park\u0131 ve \u015eehit Mehmet Dinek Spor Alan\u0131\u2019nda y\u00fcr\u00fct\u00fclen \u00e7al\u0131\u015fmalar kapsam\u0131nda; \u00e7ocuk oyun alanlar\u0131, y\u00fcr\u00fcy\u00fc\u015f parkurlar\u0131 ve spor sahalar\u0131ndan banklara kadar her noktada titiz bir temizlik ger\u00e7ekle\u015ftirildi. \u00c7im bi\u00e7me, kuruyan dallar\u0131n budanmas\u0131 ve&#8230;<\/p>\n","protected":false},"author":1,"featured_media":12085,"comment_status":"open","ping_status":"open","sticky":false,"template":"","format":"standard","meta":{"_crdt_document":"","footnotes":""},"categories":[1],"tags":[],"class_list":["post-12084","post","type-post","status-publish","format-standard","has-post-thumbnail","hentry","category-guncel"],"_links":{"self":[{"href":"https:\/\/www.egemtv.com\/index.php?rest_route=\/wp\/v2\/posts\/12084","targetHints":{"allow":["GET"]}}],"collection":[{"href":"https:\/\/www.egemtv.com\/index.php?rest_route=\/wp\/v2\/posts"}],"about":[{"href":"https:\/\/www.egemtv.com\/index.php?rest_route=\/wp\/v2\/types\/post"}],"author":[{"embeddable":true,"href":"https:\/\/www.egemtv.com\/index.php?rest_route=\/wp\/v2\/users\/1"}],"replies":[{"embeddable":true,"href":"https:\/\/www.egemtv.com\/index.php?rest_route=%2Fwp%2Fv2%2Fcomments&post=12084"}],"version-history":[{"count":1,"href":"https:\/\/www.egemtv.com\/index.php?rest_route=\/wp\/v2\/posts\/12084\/revisions"}],"predecessor-version":[{"id":12086,"href":"https:\/\/www.egemtv.com\/index.php?rest_route=\/wp\/v2\/posts\/12084\/revisions\/12086"}],"wp:featuredmedia":[{"embeddable":true,"href":"https:\/\/www.egemtv.com\/index.php?rest_route=\/wp\/v2\/media\/12085"}],"wp:attachment":[{"href":"https:\/\/www.egemtv.com\/index.php?rest_route=%2Fwp%2Fv2%2Fmedia&parent=12084"}],"wp:term":[{"taxonomy":"category","embeddable":true,"href":"https:\/\/www.egemtv.com\/index.php?rest_route=%2Fwp%2Fv2%2Fcategories&post=12084"},{"taxonomy":"post_tag","embeddable":true,"href":"https:\/\/www.egemtv.com\/index.php?rest_route=%2Fwp%2Fv2%2Ftags&post=12084"}],"curies":[{"name":"wp","href":"https:\/\/api.w.org\/{rel}","templated":true}]}}