{"id":12081,"date":"2025-01-24T13:47:03","date_gmt":"2025-01-24T10:47:03","guid":{"rendered":"https:\/\/www.egemtv.com\/?p=12081"},"modified":"2025-01-24T13:47:05","modified_gmt":"2025-01-24T10:47:05","slug":"ispartada-1-saatlik-denetimde-7-arac-trafikten-men-edildi","status":"publish","type":"post","link":"https:\/\/www.egemtv.com\/?p=12081","title":{"rendered":"Isparta\u2019da 1 saatlik denetimde 7 ara\u00e7 trafikten men edildi"},"content":{"rendered":"<p>Isparta\u2019da 1 saatlik trafik denetiminde 15 s\u00fcr\u00fcc\u00fcye ceza kesilirken, 7 ara\u00e7 trafikten men edildi.<br \/>\n<br \/>\u0130l Emniyet M\u00fcd\u00fcrl\u00fc\u011f\u00fc ekipleri, trafik g\u00fcvenli\u011fini sa\u011flamak amac\u0131yla d\u00fcn ak\u015fam bir saatlik denetim ger\u00e7ekle\u015ftirdi. Denetimlerde 55 \u015fah\u0131s ile 28 ara\u00e7 ve s\u00fcr\u00fcc\u00fcs\u00fc kontrol edildi. Kurallara uymad\u0131\u011f\u0131 tespit edilen 15 ara\u00e7 s\u00fcr\u00fcc\u00fcs\u00fcne idari ceza uygulan\u0131rken, 7 ara\u00e7 eksiklikleri ve \u00e7evreye rahats\u0131zl\u0131k vermeleri nedeniyle trafikten men edildi.<br \/><\/p>\n","protected":false},"excerpt":{"rendered":"<p>Isparta\u2019da 1 saatlik trafik denetiminde 15 s\u00fcr\u00fcc\u00fcye ceza kesilirken, 7 ara\u00e7 trafikten men edildi. \u0130l Emniyet M\u00fcd\u00fcrl\u00fc\u011f\u00fc ekipleri, trafik g\u00fcvenli\u011fini sa\u011flamak amac\u0131yla d\u00fcn ak\u015fam bir saatlik denetim ger\u00e7ekle\u015ftirdi. Denetimlerde 55 \u015fah\u0131s ile 28 ara\u00e7 ve s\u00fcr\u00fcc\u00fcs\u00fc kontrol edildi. Kurallara uymad\u0131\u011f\u0131 tespit edilen 15 ara\u00e7 s\u00fcr\u00fcc\u00fcs\u00fcne idari ceza uygulan\u0131rken, 7 ara\u00e7 eksiklikleri ve \u00e7evreye rahats\u0131zl\u0131k vermeleri&#8230;<\/p>\n","protected":false},"author":1,"featured_media":12082,"comment_status":"open","ping_status":"open","sticky":false,"template":"","format":"standard","meta":{"_crdt_document":"","footnotes":""},"categories":[5],"tags":[],"class_list":["post-12081","post","type-post","status-publish","format-standard","has-post-thumbnail","hentry","category-asayis"],"_links":{"self":[{"href":"https:\/\/www.egemtv.com\/index.php?rest_route=\/wp\/v2\/posts\/12081","targetHints":{"allow":["GET"]}}],"collection":[{"href":"https:\/\/www.egemtv.com\/index.php?rest_route=\/wp\/v2\/posts"}],"about":[{"href":"https:\/\/www.egemtv.com\/index.php?rest_route=\/wp\/v2\/types\/post"}],"author":[{"embeddable":true,"href":"https:\/\/www.egemtv.com\/index.php?rest_route=\/wp\/v2\/users\/1"}],"replies":[{"embeddable":true,"href":"https:\/\/www.egemtv.com\/index.php?rest_route=%2Fwp%2Fv2%2Fcomments&post=12081"}],"version-history":[{"count":1,"href":"https:\/\/www.egemtv.com\/index.php?rest_route=\/wp\/v2\/posts\/12081\/revisions"}],"predecessor-version":[{"id":12083,"href":"https:\/\/www.egemtv.com\/index.php?rest_route=\/wp\/v2\/posts\/12081\/revisions\/12083"}],"wp:featuredmedia":[{"embeddable":true,"href":"https:\/\/www.egemtv.com\/index.php?rest_route=\/wp\/v2\/media\/12082"}],"wp:attachment":[{"href":"https:\/\/www.egemtv.com\/index.php?rest_route=%2Fwp%2Fv2%2Fmedia&parent=12081"}],"wp:term":[{"taxonomy":"category","embeddable":true,"href":"https:\/\/www.egemtv.com\/index.php?rest_route=%2Fwp%2Fv2%2Fcategories&post=12081"},{"taxonomy":"post_tag","embeddable":true,"href":"https:\/\/www.egemtv.com\/index.php?rest_route=%2Fwp%2Fv2%2Ftags&post=12081"}],"curies":[{"name":"wp","href":"https:\/\/api.w.org\/{rel}","templated":true}]}}