{"id":12075,"date":"2025-01-24T13:40:01","date_gmt":"2025-01-24T10:40:01","guid":{"rendered":"https:\/\/www.egemtv.com\/?p=12075"},"modified":"2025-01-24T13:40:04","modified_gmt":"2025-01-24T10:40:04","slug":"kocasinin-biraktigi-muhtarlik-bayragini-karisi-devraldi","status":"publish","type":"post","link":"https:\/\/www.egemtv.com\/?p=12075","title":{"rendered":"Kocas\u0131n\u0131n b\u0131rakt\u0131\u011f\u0131 muhtarl\u0131k bayra\u011f\u0131n\u0131 kar\u0131s\u0131 devrald\u0131"},"content":{"rendered":"<p>Afyonkarahisar\u2019da kansere yenik d\u00fc\u015ferek hayat\u0131n\u0131 kaybeden muhtar yerine se\u00e7ilen kar\u0131s\u0131 mazbatas\u0131n\u0131 alarak g\u00f6reve ba\u015flarken, Selma Peynirci isimli muhtar ayn\u0131 zamanda \u015euhut il\u00e7esinin ilk kad\u0131n muhtar\u0131 oldu.<br \/>\n<br \/>\u015euhut il\u00e7esinde 31 Mart 2024 Mahalli \u0130dareler Genel Se\u00e7imleri\u2019nde muhtar se\u00e7ilen Fehmi Metin Peynirci ge\u00e7ti\u011fimiz haftalarda kansere yeni d\u00fc\u015ferek vefat etti. Peynirci\u2019nin vefat\u0131 sonras\u0131 \u0130l\u00e7e Se\u00e7im Kurulu karar\u0131yla mahalleli yeni muhtar\u0131n\u0131 se\u00e7mek i\u00e7in ge\u00e7ti\u011fimiz hafta sonu sand\u0131k ba\u015f\u0131na gitti. 224 se\u00e7menin bulundu\u011fu mahallede 4 muhtar aday\u0131 yar\u0131\u015f\u0131rken, Peynirci yap\u0131lan oylama sonras\u0131 rakiplerinden aras\u0131ndan s\u0131yr\u0131larak ald\u0131\u011f\u0131 101 oy alarak mahallenin yeni muhtar\u0131 oldu. Kansere yenik d\u00fc\u015fen kocas\u0131n\u0131n yerine se\u00e7ilen Peynirci \u0130l\u00e7e Se\u00e7im Kurulu\u2019ndan mazbatas\u0131n\u0131 alarak g\u00f6reve ba\u015flad\u0131.<br \/><\/p>\n","protected":false},"excerpt":{"rendered":"<p>Afyonkarahisar\u2019da kansere yenik d\u00fc\u015ferek hayat\u0131n\u0131 kaybeden muhtar yerine se\u00e7ilen kar\u0131s\u0131 mazbatas\u0131n\u0131 alarak g\u00f6reve ba\u015flarken, Selma Peynirci isimli muhtar ayn\u0131 zamanda \u015euhut il\u00e7esinin ilk kad\u0131n muhtar\u0131 oldu. \u015euhut il\u00e7esinde 31 Mart 2024 Mahalli \u0130dareler Genel Se\u00e7imleri\u2019nde muhtar se\u00e7ilen Fehmi Metin Peynirci ge\u00e7ti\u011fimiz haftalarda kansere yeni d\u00fc\u015ferek vefat etti. Peynirci\u2019nin vefat\u0131 sonras\u0131 \u0130l\u00e7e Se\u00e7im Kurulu karar\u0131yla mahalleli&#8230;<\/p>\n","protected":false},"author":1,"featured_media":12076,"comment_status":"open","ping_status":"open","sticky":false,"template":"","format":"standard","meta":{"_crdt_document":"","footnotes":""},"categories":[123],"tags":[],"class_list":["post-12075","post","type-post","status-publish","format-standard","has-post-thumbnail","hentry","category-gundem"],"_links":{"self":[{"href":"https:\/\/www.egemtv.com\/index.php?rest_route=\/wp\/v2\/posts\/12075","targetHints":{"allow":["GET"]}}],"collection":[{"href":"https:\/\/www.egemtv.com\/index.php?rest_route=\/wp\/v2\/posts"}],"about":[{"href":"https:\/\/www.egemtv.com\/index.php?rest_route=\/wp\/v2\/types\/post"}],"author":[{"embeddable":true,"href":"https:\/\/www.egemtv.com\/index.php?rest_route=\/wp\/v2\/users\/1"}],"replies":[{"embeddable":true,"href":"https:\/\/www.egemtv.com\/index.php?rest_route=%2Fwp%2Fv2%2Fcomments&post=12075"}],"version-history":[{"count":1,"href":"https:\/\/www.egemtv.com\/index.php?rest_route=\/wp\/v2\/posts\/12075\/revisions"}],"predecessor-version":[{"id":12077,"href":"https:\/\/www.egemtv.com\/index.php?rest_route=\/wp\/v2\/posts\/12075\/revisions\/12077"}],"wp:featuredmedia":[{"embeddable":true,"href":"https:\/\/www.egemtv.com\/index.php?rest_route=\/wp\/v2\/media\/12076"}],"wp:attachment":[{"href":"https:\/\/www.egemtv.com\/index.php?rest_route=%2Fwp%2Fv2%2Fmedia&parent=12075"}],"wp:term":[{"taxonomy":"category","embeddable":true,"href":"https:\/\/www.egemtv.com\/index.php?rest_route=%2Fwp%2Fv2%2Fcategories&post=12075"},{"taxonomy":"post_tag","embeddable":true,"href":"https:\/\/www.egemtv.com\/index.php?rest_route=%2Fwp%2Fv2%2Ftags&post=12075"}],"curies":[{"name":"wp","href":"https:\/\/api.w.org\/{rel}","templated":true}]}}