{"id":12070,"date":"2025-01-24T13:33:09","date_gmt":"2025-01-24T10:33:09","guid":{"rendered":"https:\/\/www.egemtv.com\/?p=12070"},"modified":"2025-01-24T13:33:12","modified_gmt":"2025-01-24T10:33:12","slug":"levent-arkanin-cumhurbaskanina-hakaret-davasinda-ses-kayitlari-gercek-cikti-2","status":"publish","type":"post","link":"https:\/\/www.egemtv.com\/?p=12070","title":{"rendered":"Levent Arkan\u2019\u0131n Cumhurba\u015fkan\u0131na hakaret davas\u0131nda ses kay\u0131tlar\u0131 ger\u00e7ek \u00e7\u0131kt\u0131"},"content":{"rendered":"<p>Mu\u011fla\u2019n\u0131n Bodrum il\u00e7esinde Cumhurba\u015fkan\u0131na hakaret su\u00e7lamas\u0131yla tutuklanan ve ard\u0131ndan tahliye edilen Bodrum Tan\u0131tma Vakf\u0131\u2019n\u0131n eski reklam koordinat\u00f6r\u00fc Levent Arkan\u2019\u0131n yarg\u0131lanmas\u0131na devam edildi. Mahkemeye g\u00f6nderilen raporda, ses kayd\u0131nda herhangi bir ekleme, \u00e7\u0131karma ya da montaj izine rastlanmad\u0131\u011f\u0131 ifade edildi.<br \/>\n<br \/>Bodrum Tan\u0131tma Vakf\u0131\u2019n\u0131n eski reklam koordinat\u00f6r\u00fc Levent Arkan\u2019\u0131n bir videoda Cumhurba\u015fkan\u0131na hakaret etti\u011fi iddias\u0131yla Bodrum 3. Asliye Ceza Mahkemesi\u2019nde yarg\u0131lanmas\u0131na devam edildi. Savc\u0131l\u0131k taraf\u0131ndan haz\u0131rlanan iddianamede, Levent Arkan\u2019\u0131n \u00fczerine at\u0131l\u0131 \u2018Cumhurba\u015fkan\u0131na hakaret\u2019 su\u00e7unu i\u015fledi\u011finin sabit oldu\u011fu belirtilerek, T\u00fcrk Ceza Kanunu\u2019nun 299\/1 ve 299\/2 maddeleri uyar\u0131nca 1 y\u0131ldan 4 y\u0131la kadar, iki su\u00e7un da alenen i\u015flenmesi nedeniyle ceza oran\u0131 alt\u0131da bir oran\u0131nda artt\u0131r\u0131larak cezaland\u0131r\u0131lmas\u0131 talep edildi.<br \/>\n<br \/>San\u0131k Levent Arkan, aleyhindeki m\u00fctalaay\u0131 kabul etmedi\u011fini ifade etti. San\u0131k m\u00fcdafi de m\u00fctalaaya kar\u015f\u0131 savunma haz\u0131rlamak i\u00e7in yaz\u0131l\u0131 beyanda bulunmak \u00fczere s\u00fcre talep etti. Mahkeme, san\u0131k m\u00fcdafinin s\u00fcre talebini kabul ederek, avukat taraf\u0131ndan yaz\u0131l\u0131 olarak haz\u0131rlanmas\u0131 i\u00e7in 20 Mart tarihine kadar s\u00fcre tan\u0131d\u0131.<br \/>\n<br \/>Mahmekede Ankara B\u00f6lge Kriminal Polis Laboratuvar\u0131 M\u00fcd\u00fcrl\u00fc\u011f\u00fc taraf\u0131ndan d\u00fczenlenen uzmanl\u0131k raporu da okundu. Raporda ses kayd\u0131n\u0131n yapay zeka \u00fcr\u00fcn\u00fc olup olmad\u0131\u011f\u0131n\u0131n mevcut imkanlarla tespit edilemedi\u011fi belirtilirken, yap\u0131lan analiz sonucunda ses kayd\u0131nda herhangi bir ekleme, \u00e7\u0131karma ya da montaj izine rastlanmad\u0131\u011f\u0131 ifade edildi. Raporda, kayd\u0131n orijinal oldu\u011fu ve i\u00e7erik a\u00e7\u0131s\u0131ndan anlamsal b\u00fct\u00fcnl\u00fck ile teknik kriterlere uygunluk g\u00f6sterdi\u011fi belirtildi.<br \/>\n<br \/>Duru\u015fma, 20 Mart g\u00fcn\u00fc saat 11.50\u2019de g\u00f6r\u00fclmek \u00fczere ertelendi.<br \/><\/p>\n","protected":false},"excerpt":{"rendered":"<p>Mu\u011fla\u2019n\u0131n Bodrum il\u00e7esinde Cumhurba\u015fkan\u0131na hakaret su\u00e7lamas\u0131yla tutuklanan ve ard\u0131ndan tahliye edilen Bodrum Tan\u0131tma Vakf\u0131\u2019n\u0131n eski reklam koordinat\u00f6r\u00fc Levent Arkan\u2019\u0131n yarg\u0131lanmas\u0131na devam edildi. Mahkemeye g\u00f6nderilen raporda, ses kayd\u0131nda herhangi bir ekleme, \u00e7\u0131karma ya da montaj izine rastlanmad\u0131\u011f\u0131 ifade edildi. Bodrum Tan\u0131tma Vakf\u0131\u2019n\u0131n eski reklam koordinat\u00f6r\u00fc Levent Arkan\u2019\u0131n bir videoda Cumhurba\u015fkan\u0131na hakaret etti\u011fi iddias\u0131yla Bodrum 3. Asliye&#8230;<\/p>\n","protected":false},"author":1,"featured_media":12072,"comment_status":"open","ping_status":"open","sticky":false,"template":"","format":"standard","meta":{"_crdt_document":"","footnotes":""},"categories":[5],"tags":[],"class_list":["post-12070","post","type-post","status-publish","format-standard","has-post-thumbnail","hentry","category-asayis"],"_links":{"self":[{"href":"https:\/\/www.egemtv.com\/index.php?rest_route=\/wp\/v2\/posts\/12070","targetHints":{"allow":["GET"]}}],"collection":[{"href":"https:\/\/www.egemtv.com\/index.php?rest_route=\/wp\/v2\/posts"}],"about":[{"href":"https:\/\/www.egemtv.com\/index.php?rest_route=\/wp\/v2\/types\/post"}],"author":[{"embeddable":true,"href":"https:\/\/www.egemtv.com\/index.php?rest_route=\/wp\/v2\/users\/1"}],"replies":[{"embeddable":true,"href":"https:\/\/www.egemtv.com\/index.php?rest_route=%2Fwp%2Fv2%2Fcomments&post=12070"}],"version-history":[{"count":1,"href":"https:\/\/www.egemtv.com\/index.php?rest_route=\/wp\/v2\/posts\/12070\/revisions"}],"predecessor-version":[{"id":12074,"href":"https:\/\/www.egemtv.com\/index.php?rest_route=\/wp\/v2\/posts\/12070\/revisions\/12074"}],"wp:featuredmedia":[{"embeddable":true,"href":"https:\/\/www.egemtv.com\/index.php?rest_route=\/wp\/v2\/media\/12072"}],"wp:attachment":[{"href":"https:\/\/www.egemtv.com\/index.php?rest_route=%2Fwp%2Fv2%2Fmedia&parent=12070"}],"wp:term":[{"taxonomy":"category","embeddable":true,"href":"https:\/\/www.egemtv.com\/index.php?rest_route=%2Fwp%2Fv2%2Fcategories&post=12070"},{"taxonomy":"post_tag","embeddable":true,"href":"https:\/\/www.egemtv.com\/index.php?rest_route=%2Fwp%2Fv2%2Ftags&post=12070"}],"curies":[{"name":"wp","href":"https:\/\/api.w.org\/{rel}","templated":true}]}}