{"id":12064,"date":"2025-01-24T13:33:04","date_gmt":"2025-01-24T10:33:04","guid":{"rendered":"https:\/\/www.egemtv.com\/?p=12064"},"modified":"2025-01-24T13:33:09","modified_gmt":"2025-01-24T10:33:09","slug":"baskan-ozel-vatandaslarin-taleplerini-yerine-getirmeye-devam-ediyor-2","status":"publish","type":"post","link":"https:\/\/www.egemtv.com\/?p=12064","title":{"rendered":"Ba\u015fkan \u00d6zel, vatanda\u015flar\u0131n taleplerini yerine getirmeye devam ediyor"},"content":{"rendered":"<p>Bozdo\u011fan Belediyesi, mahallelerin y\u0131llard\u0131r \u00e7\u00f6z\u00fcm bekleyen sorunlar\u0131na ne\u015fter vurmaya devam ediyor.<\/p>\n<p>Vatanda\u015flar\u0131n y\u0131llard\u0131r a\u00e7\u0131lmas\u0131n\u0131 talep etti\u011fi Kakkalan Mahallesi\u2019nde Merkez Kar\u015f\u0131yaka Mevkii ile Merkez A\u015fa\u011f\u0131 Mahalle ba\u011flant\u0131 yolu ula\u015f\u0131ma<br \/>\n<br \/>a\u00e7\u0131ld\u0131. Fen \u0130\u015fleri M\u00fcd\u00fcrl\u00fc\u011f\u00fc ekiplerinin \u00e7al\u0131\u015fmalar\u0131yla hizmete sunulan bu yeni yolun, k\u0131sa s\u00fcre i\u00e7inde \u00fcst yap\u0131 d\u00fczenlemelerinin tamamlanmas\u0131 planlan\u0131yor. \u00c7al\u0131\u015fma, hem mahalle sakinlerine hem de b\u00f6lgede tar\u0131m yapan \u00e7ift\u00e7ilere kolayl\u0131k sa\u011flayacak.<\/p>\n<p>Kakkalan Mahalle Muhtar\u0131 Mehmet K\u00f6se ise yolun a\u00e7\u0131lmas\u0131ndan duydu\u011fu memnuniyeti dile getirerek, &#8220;S\u00f6z verdi\u011fimiz hizmetlerden biri olan Merkez Kar\u015f\u0131yaka Mevkii &#8211; Merkez A\u015fa\u011f\u0131 Mahalle ba\u011flant\u0131 yolumuz mahallemize hay\u0131rl\u0131 olsun. Yolumuz ula\u015f\u0131ma a\u00e7\u0131ld\u0131 ve en k\u0131sa zamanda parke ta\u015f\u0131 d\u00f6\u015feme \u00e7al\u0131\u015fmalar\u0131yla tamamlanacak. Belediye Ba\u015fkan\u0131m\u0131z Mustafa Galip \u00d6zel\u2019e, Ba\u015fkan Yard\u0131mc\u0131m\u0131z Sava\u015f Mammac\u0131\u2019ya ve eme\u011fi ge\u00e7en t\u00fcm Fen \u0130\u015fleri ekiplerimize \u015fahs\u0131m ve mahallem ad\u0131na te\u015fekk\u00fcr ediyorum&#8221; dedi.<\/p>\n<p>\u201c\u00c7\u00f6z\u00fcm odakl\u0131 projeler \u00fcretmeye devam ediyoruz\u201d<br \/>\n<br \/>Bozdo\u011fan Belediye Ba\u015fkan\u0131 Mustafa Galip \u00d6zel yap\u0131lan \u00e7al\u0131\u015fmalar hakk\u0131nda a\u00e7\u0131klamada bulunarak, \u201cBelediye olarak mahallelerimizin ihtiya\u00e7lar\u0131n\u0131 yerinde tespit ediyor ve kal\u0131c\u0131 \u00e7\u00f6z\u00fcmler \u00fcretiyoruz. Kakkalan Mahallesi\u2019nde uzun y\u0131llard\u0131r beklenen bu yolun tamamlanmas\u0131, hem vatanda\u015flar\u0131m\u0131z hem de \u00fcreten \u00e7ift\u00e7ilerimiz i\u00e7in b\u00fcy\u00fck bir kolayl\u0131k sa\u011flayacak. Yolun hay\u0131rl\u0131 olmas\u0131n\u0131 diliyorum\u201d ifadelerini kulland\u0131.<br \/><\/p>\n","protected":false},"excerpt":{"rendered":"<p>Bozdo\u011fan Belediyesi, mahallelerin y\u0131llard\u0131r \u00e7\u00f6z\u00fcm bekleyen sorunlar\u0131na ne\u015fter vurmaya devam ediyor. Vatanda\u015flar\u0131n y\u0131llard\u0131r a\u00e7\u0131lmas\u0131n\u0131 talep etti\u011fi Kakkalan Mahallesi\u2019nde Merkez Kar\u015f\u0131yaka Mevkii ile Merkez A\u015fa\u011f\u0131 Mahalle ba\u011flant\u0131 yolu ula\u015f\u0131ma a\u00e7\u0131ld\u0131. Fen \u0130\u015fleri M\u00fcd\u00fcrl\u00fc\u011f\u00fc ekiplerinin \u00e7al\u0131\u015fmalar\u0131yla hizmete sunulan bu yeni yolun, k\u0131sa s\u00fcre i\u00e7inde \u00fcst yap\u0131 d\u00fczenlemelerinin tamamlanmas\u0131 planlan\u0131yor. \u00c7al\u0131\u015fma, hem mahalle sakinlerine hem de b\u00f6lgede tar\u0131m&#8230;<\/p>\n","protected":false},"author":1,"featured_media":12066,"comment_status":"open","ping_status":"open","sticky":false,"template":"","format":"standard","meta":{"_crdt_document":"","footnotes":""},"categories":[1],"tags":[],"class_list":["post-12064","post","type-post","status-publish","format-standard","has-post-thumbnail","hentry","category-guncel"],"_links":{"self":[{"href":"https:\/\/www.egemtv.com\/index.php?rest_route=\/wp\/v2\/posts\/12064","targetHints":{"allow":["GET"]}}],"collection":[{"href":"https:\/\/www.egemtv.com\/index.php?rest_route=\/wp\/v2\/posts"}],"about":[{"href":"https:\/\/www.egemtv.com\/index.php?rest_route=\/wp\/v2\/types\/post"}],"author":[{"embeddable":true,"href":"https:\/\/www.egemtv.com\/index.php?rest_route=\/wp\/v2\/users\/1"}],"replies":[{"embeddable":true,"href":"https:\/\/www.egemtv.com\/index.php?rest_route=%2Fwp%2Fv2%2Fcomments&post=12064"}],"version-history":[{"count":1,"href":"https:\/\/www.egemtv.com\/index.php?rest_route=\/wp\/v2\/posts\/12064\/revisions"}],"predecessor-version":[{"id":12069,"href":"https:\/\/www.egemtv.com\/index.php?rest_route=\/wp\/v2\/posts\/12064\/revisions\/12069"}],"wp:featuredmedia":[{"embeddable":true,"href":"https:\/\/www.egemtv.com\/index.php?rest_route=\/wp\/v2\/media\/12066"}],"wp:attachment":[{"href":"https:\/\/www.egemtv.com\/index.php?rest_route=%2Fwp%2Fv2%2Fmedia&parent=12064"}],"wp:term":[{"taxonomy":"category","embeddable":true,"href":"https:\/\/www.egemtv.com\/index.php?rest_route=%2Fwp%2Fv2%2Fcategories&post=12064"},{"taxonomy":"post_tag","embeddable":true,"href":"https:\/\/www.egemtv.com\/index.php?rest_route=%2Fwp%2Fv2%2Ftags&post=12064"}],"curies":[{"name":"wp","href":"https:\/\/api.w.org\/{rel}","templated":true}]}}