{"id":12060,"date":"2025-01-24T13:24:57","date_gmt":"2025-01-24T10:24:57","guid":{"rendered":"https:\/\/www.egemtv.com\/?p=12060"},"modified":"2025-01-24T13:24:59","modified_gmt":"2025-01-24T10:24:59","slug":"ugur-mumcu-guzelbahcede-anildi","status":"publish","type":"post","link":"https:\/\/www.egemtv.com\/?p=12060","title":{"rendered":"U\u011fur Mumcu G\u00fczelbah\u00e7e\u2019de an\u0131ld\u0131"},"content":{"rendered":"<p>Evinin \u00f6n\u00fcnde u\u011frad\u0131\u011f\u0131 bombal\u0131 sald\u0131r\u0131da hayat\u0131n\u0131 kaybeden Gazeteci ve Yazar U\u011fur Mumcu, vefat\u0131n\u0131n 32. y\u0131l\u0131nda \u0130zmir\u2019in G\u00fczelbah\u00e7e il\u00e7esinde an\u0131ld\u0131.<br \/>\n<br \/>Yelki Mahallesi\u2019nde bulunan U\u011fur Mumcu b\u00fcst\u00fc \u00f6n\u00fcnde ger\u00e7ekle\u015ftirilen t\u00f6rene G\u00fczelbah\u00e7e Belediye Ba\u015fkan Mustafa G\u00fcnay, CHP \u0130l\u00e7e Ba\u015fkan\u0131 Devrim Seyrek, eski CHP Milletvekili Musa \u00c7am, eski \u0130zmir Belediye Ba\u015fkan\u0131 Ceyhan Demir, eski CHP Narl\u0131dere \u0130l\u00e7e Ba\u015fkan\u0131 \u015eahin F\u0131rat, belediye meclis \u00fcyeleri, muhtarlar, STK temsilcileri ve vatanda\u015flar kat\u0131ld\u0131. Bolu Kartalkaya\u2019da meydana gelen yang\u0131n facias\u0131nda ya\u015fam\u0131n\u0131 yitirenlerin de an\u0131ld\u0131\u011f\u0131 t\u00f6rende, G\u00fczelbah\u00e7e Belediye Ba\u015fkan\u0131 Mustafa G\u00fcnay bir konu\u015fma yapt\u0131. Ba\u015fkan G\u00fcnay, \u201c32 y\u0131ld\u0131r ac\u0131m\u0131z hala dinmedi. Bug\u00fcn burada T\u00fcrk bas\u0131n\u0131n\u0131n cesur kalemi, demokrasinin y\u0131lmaz savunucusu, ger\u00e7eklerin pe\u015finde yorulmadan ko\u015fan bir ayd\u0131n olan U\u011fur Mumcu\u2019yu anmak i\u00e7in bir araya geldik. U\u011fur Mumcu, yaln\u0131zca bir gazeteci de\u011fil, ayn\u0131 zamanda bir halk sevdal\u0131s\u0131yd\u0131. O, kalemini hi\u00e7bir zaman e\u011fip b\u00fckmeden, hakikatin \u0131\u015f\u0131\u011f\u0131n\u0131 karanl\u0131kta parlatmak i\u00e7in kulland\u0131. Onun m\u00fccadelesi, bir ayd\u0131n sorumlulu\u011funun ne anlama geldi\u011fini hepimize g\u00f6stermi\u015ftir. 1993 y\u0131l\u0131n\u0131n o kara ocak g\u00fcn\u00fcnde al\u00e7ak bir suikast sonucu aram\u0131zdan ayr\u0131ld\u0131\u011f\u0131nda asl\u0131nda sadece bir insan\u0131 de\u011fil, \u00f6zg\u00fcrl\u00fc\u011f\u00fc, demokrasiyi ve adaleti savunan bir simgeyi kaybettik. Ancak onun fikirleri, yaz\u0131lar\u0131 ve kararl\u0131l\u0131\u011f\u0131 bug\u00fcn h\u00e2l\u00e2 bizlere yol g\u00f6stermeye devam ediyor. \u2018Vurulduk ey halk\u0131m unutma bizi.\u2019 Bug\u00fcn, onun bu s\u00f6z\u00fc bizlere bir miras olarak kalm\u0131\u015ft\u0131r. \u00c7\u00fcnk\u00fc fikirlerini, d\u00fc\u015f\u00fcncelerini ve inan\u00e7lar\u0131n\u0131 gelecek nesillerine aktarmam\u0131z gerekiyor. O iyi bir Atat\u00fcrk\u00e7\u00fcyd\u00fc, iyi bir Cumhuriyet savunucusuydu&#8221; dedi.<br \/>\n<br \/>U\u011fur Mumcu\u2019nun ismini Atat\u00fcrk K\u00fclt\u00fcr Merkezi\u2019ndeki Demokrasi Meydan\u0131\u2019na vererek ya\u015fatacaklar\u0131n\u0131 belirten Ba\u015fkan G\u00fcnay, \u2018\u2018G\u00fczelbah\u00e7e halk\u0131 olarak U\u011fur Mumcu\u2019yu hi\u00e7bir zaman unutmad\u0131k, unutturmayaca\u011f\u0131z. U\u011fur Mumcu hayat\u0131n\u0131 ayd\u0131nl\u0131\u011fa, devrime, demokrasiye ve \u00f6zg\u00fcrl\u00fc\u011fe adam\u0131\u015f b\u00fcy\u00fck bir ayd\u0131nd\u0131. Bu u\u011furda can\u0131ndan olaca\u011f\u0131n\u0131 bile bile kaleminden hi\u00e7bir zaman taviz vermedi. Karanl\u0131k g\u00fc\u00e7lere kar\u015f\u0131 verdi\u011fi m\u00fccadele bizlere bir \u00f6rnek ve emanet. Biz de bu yol a bu karanl\u0131k g\u00fcnlere kar\u015f\u0131 ayn\u0131 bi\u00e7imde m\u00fccadele etmeye devam edece\u011fiz. G\u00fczelbah\u00e7e Atat\u00fcrk K\u00fclt\u00fcr Merkezi Demokrasi Meydan\u0131\u2019na U\u011fur Mumcu\u2019nun ad\u0131n\u0131 vererek, ad\u0131n\u0131 orada da ya\u015fatmak i\u00e7in \u00f6n\u00fcm\u00fczdeki mecliste karar alaca\u011f\u0131z. Atat\u00fcrk K\u00fclt\u00fcr Merkezi\u2019nin yani Atat\u00fcrk\u2019\u00fcn oldu\u011fu yerde U\u011fur Mumcu da olacak ve orada da ismini ya\u015fataca\u011f\u0131z&#8221; diye konu\u015ftu.<br \/><\/p>\n","protected":false},"excerpt":{"rendered":"<p>Evinin \u00f6n\u00fcnde u\u011frad\u0131\u011f\u0131 bombal\u0131 sald\u0131r\u0131da hayat\u0131n\u0131 kaybeden Gazeteci ve Yazar U\u011fur Mumcu, vefat\u0131n\u0131n 32. y\u0131l\u0131nda \u0130zmir\u2019in G\u00fczelbah\u00e7e il\u00e7esinde an\u0131ld\u0131. Yelki Mahallesi\u2019nde bulunan U\u011fur Mumcu b\u00fcst\u00fc \u00f6n\u00fcnde ger\u00e7ekle\u015ftirilen t\u00f6rene G\u00fczelbah\u00e7e Belediye Ba\u015fkan Mustafa G\u00fcnay, CHP \u0130l\u00e7e Ba\u015fkan\u0131 Devrim Seyrek, eski CHP Milletvekili Musa \u00c7am, eski \u0130zmir Belediye Ba\u015fkan\u0131 Ceyhan Demir, eski CHP Narl\u0131dere \u0130l\u00e7e Ba\u015fkan\u0131 \u015eahin&#8230;<\/p>\n","protected":false},"author":1,"featured_media":12061,"comment_status":"open","ping_status":"open","sticky":false,"template":"","format":"standard","meta":{"_crdt_document":"","footnotes":""},"categories":[1],"tags":[],"class_list":["post-12060","post","type-post","status-publish","format-standard","has-post-thumbnail","hentry","category-guncel"],"_links":{"self":[{"href":"https:\/\/www.egemtv.com\/index.php?rest_route=\/wp\/v2\/posts\/12060","targetHints":{"allow":["GET"]}}],"collection":[{"href":"https:\/\/www.egemtv.com\/index.php?rest_route=\/wp\/v2\/posts"}],"about":[{"href":"https:\/\/www.egemtv.com\/index.php?rest_route=\/wp\/v2\/types\/post"}],"author":[{"embeddable":true,"href":"https:\/\/www.egemtv.com\/index.php?rest_route=\/wp\/v2\/users\/1"}],"replies":[{"embeddable":true,"href":"https:\/\/www.egemtv.com\/index.php?rest_route=%2Fwp%2Fv2%2Fcomments&post=12060"}],"version-history":[{"count":1,"href":"https:\/\/www.egemtv.com\/index.php?rest_route=\/wp\/v2\/posts\/12060\/revisions"}],"predecessor-version":[{"id":12062,"href":"https:\/\/www.egemtv.com\/index.php?rest_route=\/wp\/v2\/posts\/12060\/revisions\/12062"}],"wp:featuredmedia":[{"embeddable":true,"href":"https:\/\/www.egemtv.com\/index.php?rest_route=\/wp\/v2\/media\/12061"}],"wp:attachment":[{"href":"https:\/\/www.egemtv.com\/index.php?rest_route=%2Fwp%2Fv2%2Fmedia&parent=12060"}],"wp:term":[{"taxonomy":"category","embeddable":true,"href":"https:\/\/www.egemtv.com\/index.php?rest_route=%2Fwp%2Fv2%2Fcategories&post=12060"},{"taxonomy":"post_tag","embeddable":true,"href":"https:\/\/www.egemtv.com\/index.php?rest_route=%2Fwp%2Fv2%2Ftags&post=12060"}],"curies":[{"name":"wp","href":"https:\/\/api.w.org\/{rel}","templated":true}]}}