{"id":12057,"date":"2025-01-24T13:07:11","date_gmt":"2025-01-24T10:07:11","guid":{"rendered":"https:\/\/www.egemtv.com\/?p=12057"},"modified":"2025-01-24T13:07:13","modified_gmt":"2025-01-24T10:07:13","slug":"baskan-cercioglundan-karacasuya-487-milyon-tl-degerinde-yatirim","status":"publish","type":"post","link":"https:\/\/www.egemtv.com\/?p=12057","title":{"rendered":"Ba\u015fkan \u00c7er\u00e7io\u011flu\u2019ndan Karacasu\u2019ya 487 milyon TL de\u011ferinde yat\u0131r\u0131m"},"content":{"rendered":"<p>Ayd\u0131n B\u00fcy\u00fck\u015fehir Belediyesi Su ve Kanalizasyon \u0130daresi (ASK\u0130) Genel M\u00fcd\u00fcr\u00fc Hakan Olka\u00e7, Genel Sekreter Yard\u0131mc\u0131lar\u0131 Zafer U\u00e7ar ve Burak \u00d6rnek ile Fen \u0130\u015fleri Dairesi Ba\u015fkan\u0131 Ufuk Serdar \u00d6zmen, Karacasu Belediye Ba\u015fkan\u0131 Mustafa B\u00fcy\u00fckyap\u0131c\u0131\u2019y\u0131 ziyaret ederek projeler ve yat\u0131r\u0131mlar \u00fczerine detayl\u0131 de\u011ferlendirmelerde bulundu.<\/p>\n<p>Ayd\u0131n B\u00fcy\u00fck\u015fehir Belediye Ba\u015fkan\u0131 \u00d6zlem \u00c7er\u00e7io\u011flu, Karacasu il\u00e7esine g\u00fcncel de\u011ferle 487 milyon T\u00fcrk Liras\u0131 de\u011ferinde yat\u0131r\u0131m kazand\u0131rd\u0131. B\u00fcy\u00fck\u015fehir Belediyesi ve ASK\u0130, Karacasu\u2019da 186 kilometre uzunlu\u011funda altyap\u0131 ve 282 kilometre uzunlu\u011funda yol \u00e7al\u0131\u015fmas\u0131n\u0131 tamamlad\u0131. Ba\u015fkan \u00c7er\u00e7io\u011flu\u2019nun \u00e7al\u0131\u015fmalar\u0131yla hem k\u0131rsal mahalleler hem de il\u00e7e merkezi yenilenmi\u015f altyap\u0131 ve geli\u015fmi\u015f ula\u015f\u0131m imkanlar\u0131na kavu\u015ftu.<\/p>\n<p>Ziyarette, Karacasu\u2019ya kazand\u0131r\u0131lan ve il\u00e7enin sosyal, ekonomik ve altyap\u0131sal geli\u015fimine katk\u0131 sa\u011flayan projeler de masaya yat\u0131r\u0131ld\u0131. Karacasu Belediye Ba\u015fkan\u0131 Mustafa B\u00fcy\u00fckyap\u0131c\u0131, il\u00e7eye kazand\u0131rd\u0131\u011f\u0131 \u00c7ok Ama\u00e7l\u0131 Otizm Spor Salonu, Paket At\u0131k Su Ar\u0131tma Tesisi, Otogar, K\u00fclt\u00fcr Merkezi ve Sosyal Tesisler ile hayata ge\u00e7irilen projeler ve \u00fcreticilere verilen destekler nedeniyle Ba\u015fkan \u00c7er\u00e7io\u011flu\u2019na te\u015fekk\u00fcr etti.<\/p>\n<p>B\u00fcrokratlar, ziyaretin ard\u0131ndan il\u00e7ede g\u00f6rev yapan B\u00fcy\u00fck\u015fehir Belediyesi ve ASK\u0130\u2019ye ba\u011fl\u0131 birimleri ziyaret etti. Karacasululardan gelen g\u00f6r\u00fc\u015f, talep ve \u00f6nerilerin ele al\u0131nd\u0131\u011f\u0131 ziyaretler ile il\u00e7ede s\u00fcrd\u00fcr\u00fclecek olan vatanda\u015f odakl\u0131 belediyecilik \u00e7al\u0131\u015fmalar\u0131 \u015fekillendirildi.<\/p>\n<p>&#8220;\u00c7al\u0131\u015fmalar\u0131m\u0131z ile kazanan Karacasu ve Ayd\u0131nl\u0131lar oluyor&#8221;<br \/>\n<br \/>Ayd\u0131n\u2019\u0131n t\u00fcm il\u00e7elerinde kente de\u011fer katan \u00e7al\u0131\u015fmalar\u0131na devam edeceklerini belirten Ba\u015fkan \u00c7er\u00e7io\u011flu, \u201cKaracasu\u2019da ve kentimiz genelinde hayata ge\u00e7irdi\u011fimiz projeler ile kazanan hem\u015fehrilerimiz oluyor. Yat\u0131r\u0131mlar\u0131m\u0131za h\u0131z kesmeden devam edecek, hizmetlerimizi Ayd\u0131nl\u0131lar ile bulu\u015fturmay\u0131 s\u00fcrd\u00fcrece\u011fiz\u201d ifadelerini kulland\u0131.<br \/><\/p>\n","protected":false},"excerpt":{"rendered":"<p>Ayd\u0131n B\u00fcy\u00fck\u015fehir Belediyesi Su ve Kanalizasyon \u0130daresi (ASK\u0130) Genel M\u00fcd\u00fcr\u00fc Hakan Olka\u00e7, Genel Sekreter Yard\u0131mc\u0131lar\u0131 Zafer U\u00e7ar ve Burak \u00d6rnek ile Fen \u0130\u015fleri Dairesi Ba\u015fkan\u0131 Ufuk Serdar \u00d6zmen, Karacasu Belediye Ba\u015fkan\u0131 Mustafa B\u00fcy\u00fckyap\u0131c\u0131\u2019y\u0131 ziyaret ederek projeler ve yat\u0131r\u0131mlar \u00fczerine detayl\u0131 de\u011ferlendirmelerde bulundu. Ayd\u0131n B\u00fcy\u00fck\u015fehir Belediye Ba\u015fkan\u0131 \u00d6zlem \u00c7er\u00e7io\u011flu, Karacasu il\u00e7esine g\u00fcncel de\u011ferle 487 milyon T\u00fcrk&#8230;<\/p>\n","protected":false},"author":1,"featured_media":12058,"comment_status":"open","ping_status":"open","sticky":false,"template":"","format":"standard","meta":{"_crdt_document":"","footnotes":""},"categories":[1],"tags":[],"class_list":["post-12057","post","type-post","status-publish","format-standard","has-post-thumbnail","hentry","category-guncel"],"_links":{"self":[{"href":"https:\/\/www.egemtv.com\/index.php?rest_route=\/wp\/v2\/posts\/12057","targetHints":{"allow":["GET"]}}],"collection":[{"href":"https:\/\/www.egemtv.com\/index.php?rest_route=\/wp\/v2\/posts"}],"about":[{"href":"https:\/\/www.egemtv.com\/index.php?rest_route=\/wp\/v2\/types\/post"}],"author":[{"embeddable":true,"href":"https:\/\/www.egemtv.com\/index.php?rest_route=\/wp\/v2\/users\/1"}],"replies":[{"embeddable":true,"href":"https:\/\/www.egemtv.com\/index.php?rest_route=%2Fwp%2Fv2%2Fcomments&post=12057"}],"version-history":[{"count":1,"href":"https:\/\/www.egemtv.com\/index.php?rest_route=\/wp\/v2\/posts\/12057\/revisions"}],"predecessor-version":[{"id":12059,"href":"https:\/\/www.egemtv.com\/index.php?rest_route=\/wp\/v2\/posts\/12057\/revisions\/12059"}],"wp:featuredmedia":[{"embeddable":true,"href":"https:\/\/www.egemtv.com\/index.php?rest_route=\/wp\/v2\/media\/12058"}],"wp:attachment":[{"href":"https:\/\/www.egemtv.com\/index.php?rest_route=%2Fwp%2Fv2%2Fmedia&parent=12057"}],"wp:term":[{"taxonomy":"category","embeddable":true,"href":"https:\/\/www.egemtv.com\/index.php?rest_route=%2Fwp%2Fv2%2Fcategories&post=12057"},{"taxonomy":"post_tag","embeddable":true,"href":"https:\/\/www.egemtv.com\/index.php?rest_route=%2Fwp%2Fv2%2Ftags&post=12057"}],"curies":[{"name":"wp","href":"https:\/\/api.w.org\/{rel}","templated":true}]}}