{"id":12054,"date":"2025-01-24T13:01:32","date_gmt":"2025-01-24T10:01:32","guid":{"rendered":"https:\/\/www.egemtv.com\/?p=12054"},"modified":"2025-01-24T13:01:34","modified_gmt":"2025-01-24T10:01:34","slug":"chpli-koksalin-cami-yerleskesindeki-fotografli-propagandasina-tepkiler-suruyor","status":"publish","type":"post","link":"https:\/\/www.egemtv.com\/?p=12054","title":{"rendered":"CHP\u2019li K\u00f6ksal\u2019\u0131n cami yerle\u015fkesindeki foto\u011frafl\u0131 propagandas\u0131na tepkiler s\u00fcr\u00fcyor"},"content":{"rendered":"<p>AK Parti Afyonkarahisar Milletvekili \u0130brahim Yurdunuseven, Afyonkarahisar\u2019\u0131n CHP\u2019li Belediye Ba\u015fkan\u0131 Burcu K\u00f6ksal\u2019\u0131n foto\u011fraflar\u0131n\u0131 Sultan Divani Mevlevihanesi M\u00fczesi\u2019ne ast\u0131rmas\u0131na tepki g\u00f6stererek, \u201cAfyonkarahisar\u2019daki Mevlevihane M\u00fczemiz hi\u00e7bir \u015fekilde bir ki\u015finin ve bir z\u00fcmrenin uhdesinde olamaz\u201d dedi.<br \/>\n<br \/>CHP\u2019li K\u00f6ksal\u2019\u0131n se\u00e7im d\u00f6nemi ile farkl\u0131 d\u00f6nemlerde \u00e7ektirdi\u011fi foto\u011fraflar\u0131n\u0131 cami yerle\u015fkesi i\u00e7erisinde bulunan Sultan Divani Mevlevihanesi M\u00fczesi\u2019ne ast\u0131rmas\u0131na tepkiler s\u00fcr\u00fcyor. T\u00fcrbe cami i\u00e7erisinde bulunan m\u00fczeye as\u0131lan foto\u011fraflar\u0131n kabullenilemez oldu\u011funu s\u00f6yleyen ve duruma tepki g\u00f6steren Milletvekili Yurdunuseven a\u00e7\u0131klamas\u0131nda, \u201cMevlana Celalettin Rumi\u2019nin 7. ku\u015fak torunu Sultan Divani Hazretlerinin maneviyat\u0131n\u0131 ya\u015fatmak \u00fczere kurulan Afyonkarahisar\u2019daki Mevlevihane M\u00fczemiz hi\u00e7 bir \u015fekilde bir ki\u015finin ve bir z\u00fcmrenin uhdesinde olamaz. Bir belediye ba\u015fkan\u0131 hangi partiden olursa olsun buradaki manevi atmosferi kendi foto\u011fraflar\u0131n\u0131 asarak sanki bir reklam panosuymu\u015f gibi basite indirgeyemez. Kald\u0131 ki Mevlevihane\u2019ye foto\u011fraf k\u00f6\u015fesi yapt\u0131ran ve bunu bir reklam arac\u0131 olarak kullanan CHP\u2019li belediye ba\u015fkan\u0131 ge\u00e7ti\u011fimiz ay AK Parti kongremiz i\u00e7in \u015fehrin muhtelif yerlerine ast\u0131\u011f\u0131m\u0131z Cumhurba\u015fkan\u0131m\u0131z Recep Tayyip Erdo\u011fan\u2019\u0131n afi\u015flerini kendi zab\u0131talar\u0131na kald\u0131rtm\u0131\u015ft\u0131. Caddelerdeki Cumhurba\u015fkan\u0131m\u0131z\u0131n foto\u011fraf\u0131n\u0131 g\u00fcnah g\u00f6ren zihniyet kendine gelince her \u015feyi mubah g\u00f6r\u00fcyor maalesef\u201d ifadelerine yer verdi.<br \/><\/p>\n","protected":false},"excerpt":{"rendered":"<p>AK Parti Afyonkarahisar Milletvekili \u0130brahim Yurdunuseven, Afyonkarahisar\u2019\u0131n CHP\u2019li Belediye Ba\u015fkan\u0131 Burcu K\u00f6ksal\u2019\u0131n foto\u011fraflar\u0131n\u0131 Sultan Divani Mevlevihanesi M\u00fczesi\u2019ne ast\u0131rmas\u0131na tepki g\u00f6stererek, \u201cAfyonkarahisar\u2019daki Mevlevihane M\u00fczemiz hi\u00e7bir \u015fekilde bir ki\u015finin ve bir z\u00fcmrenin uhdesinde olamaz\u201d dedi. CHP\u2019li K\u00f6ksal\u2019\u0131n se\u00e7im d\u00f6nemi ile farkl\u0131 d\u00f6nemlerde \u00e7ektirdi\u011fi foto\u011fraflar\u0131n\u0131 cami yerle\u015fkesi i\u00e7erisinde bulunan Sultan Divani Mevlevihanesi M\u00fczesi\u2019ne ast\u0131rmas\u0131na tepkiler s\u00fcr\u00fcyor. T\u00fcrbe cami&#8230;<\/p>\n","protected":false},"author":1,"featured_media":12055,"comment_status":"open","ping_status":"open","sticky":false,"template":"","format":"standard","meta":{"_crdt_document":"","footnotes":""},"categories":[127],"tags":[],"class_list":["post-12054","post","type-post","status-publish","format-standard","has-post-thumbnail","hentry","category-siyaset"],"_links":{"self":[{"href":"https:\/\/www.egemtv.com\/index.php?rest_route=\/wp\/v2\/posts\/12054","targetHints":{"allow":["GET"]}}],"collection":[{"href":"https:\/\/www.egemtv.com\/index.php?rest_route=\/wp\/v2\/posts"}],"about":[{"href":"https:\/\/www.egemtv.com\/index.php?rest_route=\/wp\/v2\/types\/post"}],"author":[{"embeddable":true,"href":"https:\/\/www.egemtv.com\/index.php?rest_route=\/wp\/v2\/users\/1"}],"replies":[{"embeddable":true,"href":"https:\/\/www.egemtv.com\/index.php?rest_route=%2Fwp%2Fv2%2Fcomments&post=12054"}],"version-history":[{"count":1,"href":"https:\/\/www.egemtv.com\/index.php?rest_route=\/wp\/v2\/posts\/12054\/revisions"}],"predecessor-version":[{"id":12056,"href":"https:\/\/www.egemtv.com\/index.php?rest_route=\/wp\/v2\/posts\/12054\/revisions\/12056"}],"wp:featuredmedia":[{"embeddable":true,"href":"https:\/\/www.egemtv.com\/index.php?rest_route=\/wp\/v2\/media\/12055"}],"wp:attachment":[{"href":"https:\/\/www.egemtv.com\/index.php?rest_route=%2Fwp%2Fv2%2Fmedia&parent=12054"}],"wp:term":[{"taxonomy":"category","embeddable":true,"href":"https:\/\/www.egemtv.com\/index.php?rest_route=%2Fwp%2Fv2%2Fcategories&post=12054"},{"taxonomy":"post_tag","embeddable":true,"href":"https:\/\/www.egemtv.com\/index.php?rest_route=%2Fwp%2Fv2%2Ftags&post=12054"}],"curies":[{"name":"wp","href":"https:\/\/api.w.org\/{rel}","templated":true}]}}