{"id":12051,"date":"2025-01-24T12:49:41","date_gmt":"2025-01-24T09:49:41","guid":{"rendered":"https:\/\/www.egemtv.com\/?p=12051"},"modified":"2025-01-24T12:49:43","modified_gmt":"2025-01-24T09:49:43","slug":"tavsanli-ilcesine-konteynerler-ve-yeni-kepce-teslim-edildi","status":"publish","type":"post","link":"https:\/\/www.egemtv.com\/?p=12051","title":{"rendered":"Tav\u015fanl\u0131 il\u00e7esine konteynerler ve yeni kep\u00e7e teslim edildi"},"content":{"rendered":"<p>K\u00fctahya \u00d6zel \u0130daresi taraf\u0131ndan, Tav\u015fanl\u0131 k\u00f6ylerinde kullan\u0131lmak \u00fczere bir kaz\u0131y\u0131c\u0131-y\u00fckleyici i\u015f makinesi ile 170 yeni konteyner, Tav\u015fanl\u0131 \u00d6zel \u0130daresi\u2019ne teslim edildi.<br \/>\n<br \/>Teslim t\u00f6reni Kay\u0131k\u00f6y \u0130l\u00e7e \u00d6zel \u0130dare alan\u0131nda ger\u00e7ekle\u015firken, t\u00f6rene Ak Parti Milletvekili Mehmet Demir, Kaymakam Hayrettin Bask\u0131n, \u0130l\u00e7e Ba\u015fkan\u0131 Himmet \u00d6zer, Kay\u0131k\u00f6y Muhtar\u0131 Mehmet Ali Bal\u0131 ve \u0130l \u00d6zel \u0130daresi \u00e7al\u0131\u015fanlar\u0131 kat\u0131ld\u0131.<br \/>\n<br \/>Tav\u015fanl\u0131 Kaymakam\u0131 Hayrettin Bask\u0131n, t\u00f6rende yapt\u0131\u011f\u0131 konu\u015fmada, k\u00f6ylerden gelen yo\u011fun talepler do\u011frultusunda konteyner ihtiyac\u0131n\u0131n tespit edildi\u011fini ve bu eksikli\u011fin giderildi\u011fini ifade etti. Bask\u0131n, yeni kep\u00e7eyle hizmetlerin daha h\u0131zl\u0131 ve etkin \u015fekilde ger\u00e7ekle\u015ftirilece\u011fini belirterek, &#8220;Bug\u00fcn itibar\u0131yla il\u00e7emize tahsis edilen yeni kep\u00e7emiz ve 170 konteyner, k\u0131rsalda hizmetlerin verimlili\u011fini ve etkinli\u011fini art\u0131racak. \u0130l\u00e7emize hay\u0131rl\u0131 olmas\u0131n\u0131 temenni ediyorum.&#8221; dedi.<br \/>\n<br \/>Ak Parti Milletvekili Mehmet Demir ise, Tav\u015fanl\u0131\u2019ya yap\u0131lan bu yat\u0131r\u0131mlar\u0131n \u00f6nemine dikkat \u00e7ekerek, il\u00e7edeki hizmet kalitesinin y\u00fckseldi\u011fini ifade etti. Demir, k\u00f6ylere daha h\u0131zl\u0131 ve etkili hizmet g\u00f6t\u00fcrmek i\u00e7in gerekli ara\u00e7lar\u0131n yenilendi\u011fini vurgulad\u0131.  Demir, &#8220;K\u00fctahya genelinde yap\u0131lan makine yenilemeleriyle k\u00f6ylerimizdeki ihtiya\u00e7lar daha h\u0131zl\u0131 kar\u015f\u0131lan\u0131yor. Bug\u00fcn Tav\u015fanl\u0131\u2019ya s\u0131f\u0131r bir i\u015f makinesi teslim ettik. Ayr\u0131ca 170 yeni konteyner de k\u00f6ylerimizin hizmetine sunulacak. Eme\u011fi ge\u00e7en herkese te\u015fekk\u00fcr ediyorum.&#8221;<br \/>\n<br \/>Konteynerler, k\u00f6ylerin ihtiyac\u0131na ve aciliyet durumuna g\u00f6re da\u011f\u0131t\u0131lacak. \u00d6zellikle eskiyen konteynerler nedeniyle gelen \u015fikayetler \u00fczerine bu yat\u0131r\u0131m\u0131n hayata ge\u00e7irildi\u011fi belirtildi. \u0130l\u00e7edeki toplam 87 k\u00f6y ve 20 mahallede ya\u015fayan vatanda\u015flar, bu hizmetlerden faydalanacak.<br \/>\n<br \/>Hem yeni i\u015f makinesi hem de konteynerlerin toplam maliyetinin ciddi bir rakama ula\u015ft\u0131\u011f\u0131n\u0131 belirten yetkililer, bu yat\u0131r\u0131mlar\u0131n Tav\u015fanl\u0131\u2019n\u0131n k\u0131rsal b\u00f6lgelerindeki hizmet verimlili\u011fini art\u0131raca\u011f\u0131n\u0131 dile getirdi. Bu ad\u0131m\u0131n, Tav\u015fanl\u0131\u2019da k\u00f6ylerin altyap\u0131 ve hizmet standartlar\u0131n\u0131 y\u00fckseltmesi bekleniyor.<br \/><\/p>\n","protected":false},"excerpt":{"rendered":"<p>K\u00fctahya \u00d6zel \u0130daresi taraf\u0131ndan, Tav\u015fanl\u0131 k\u00f6ylerinde kullan\u0131lmak \u00fczere bir kaz\u0131y\u0131c\u0131-y\u00fckleyici i\u015f makinesi ile 170 yeni konteyner, Tav\u015fanl\u0131 \u00d6zel \u0130daresi\u2019ne teslim edildi. Teslim t\u00f6reni Kay\u0131k\u00f6y \u0130l\u00e7e \u00d6zel \u0130dare alan\u0131nda ger\u00e7ekle\u015firken, t\u00f6rene Ak Parti Milletvekili Mehmet Demir, Kaymakam Hayrettin Bask\u0131n, \u0130l\u00e7e Ba\u015fkan\u0131 Himmet \u00d6zer, Kay\u0131k\u00f6y Muhtar\u0131 Mehmet Ali Bal\u0131 ve \u0130l \u00d6zel \u0130daresi \u00e7al\u0131\u015fanlar\u0131 kat\u0131ld\u0131. Tav\u015fanl\u0131 Kaymakam\u0131&#8230;<\/p>\n","protected":false},"author":1,"featured_media":12052,"comment_status":"open","ping_status":"open","sticky":false,"template":"","format":"standard","meta":{"_crdt_document":"","footnotes":""},"categories":[125],"tags":[],"class_list":["post-12051","post","type-post","status-publish","format-standard","has-post-thumbnail","hentry","category-ekonomi"],"_links":{"self":[{"href":"https:\/\/www.egemtv.com\/index.php?rest_route=\/wp\/v2\/posts\/12051","targetHints":{"allow":["GET"]}}],"collection":[{"href":"https:\/\/www.egemtv.com\/index.php?rest_route=\/wp\/v2\/posts"}],"about":[{"href":"https:\/\/www.egemtv.com\/index.php?rest_route=\/wp\/v2\/types\/post"}],"author":[{"embeddable":true,"href":"https:\/\/www.egemtv.com\/index.php?rest_route=\/wp\/v2\/users\/1"}],"replies":[{"embeddable":true,"href":"https:\/\/www.egemtv.com\/index.php?rest_route=%2Fwp%2Fv2%2Fcomments&post=12051"}],"version-history":[{"count":1,"href":"https:\/\/www.egemtv.com\/index.php?rest_route=\/wp\/v2\/posts\/12051\/revisions"}],"predecessor-version":[{"id":12053,"href":"https:\/\/www.egemtv.com\/index.php?rest_route=\/wp\/v2\/posts\/12051\/revisions\/12053"}],"wp:featuredmedia":[{"embeddable":true,"href":"https:\/\/www.egemtv.com\/index.php?rest_route=\/wp\/v2\/media\/12052"}],"wp:attachment":[{"href":"https:\/\/www.egemtv.com\/index.php?rest_route=%2Fwp%2Fv2%2Fmedia&parent=12051"}],"wp:term":[{"taxonomy":"category","embeddable":true,"href":"https:\/\/www.egemtv.com\/index.php?rest_route=%2Fwp%2Fv2%2Fcategories&post=12051"},{"taxonomy":"post_tag","embeddable":true,"href":"https:\/\/www.egemtv.com\/index.php?rest_route=%2Fwp%2Fv2%2Ftags&post=12051"}],"curies":[{"name":"wp","href":"https:\/\/api.w.org\/{rel}","templated":true}]}}