{"id":12048,"date":"2025-01-24T12:43:14","date_gmt":"2025-01-24T09:43:14","guid":{"rendered":"https:\/\/www.egemtv.com\/?p=12048"},"modified":"2025-01-24T12:43:16","modified_gmt":"2025-01-24T09:43:16","slug":"bakan-memisoglu-tepecik-hastanesini-2025-yatirim-programimiza-aldik","status":"publish","type":"post","link":"https:\/\/www.egemtv.com\/?p=12048","title":{"rendered":"Bakan Memi\u015fo\u011flu: \u201cTepecik Hastanesini 2025 yat\u0131r\u0131m program\u0131m\u0131za ald\u0131k\u201d"},"content":{"rendered":"<p>Sa\u011fl\u0131k Bakan\u0131 Kemal Memi\u015fo\u011flu, \u0130zmir\u2019deki sa\u011fl\u0131k yat\u0131r\u0131mlar\u0131na ili\u015fkin, \u201cTepecik Hastanesini 2025 yat\u0131r\u0131m program\u0131m\u0131za ald\u0131k. Tepecik ile ilgili proje yapaca\u011f\u0131z. Bozyaka Hastanesi de ayn\u0131 \u015fekilde. B\u00fct\u00fcn sa\u011fl\u0131k hizmetlerin en iyi \u015fekilde sunmaya \u00e7al\u0131\u015faca\u011f\u0131z\u201d dedi. Memi\u015fo\u011flu ayr\u0131ca, Bolu\u2019daki otel yang\u0131n\u0131 nedeniyle hastanelerde tedavi g\u00f6ren 8 yaral\u0131 bulundu\u011funu kaydetti.<br \/>\n<br \/>Sa\u011fl\u0131k Bakan\u0131 Kemal Memi\u015fo\u011flu, \u00e7e\u015fitli programlara kat\u0131lmak \u00fczere geldi\u011fi \u0130zmir\u2019de ilk olarak \u0130zmir Valili\u011fine ziyarette bulundu. Bakan Memi\u015fo\u011flu, Vali S\u00fcleyman Elban, AK Parti \u0130zmir Milletvekili Ya\u015far K\u0131rkp\u0131nar, MHP Genel Sekreter Yard\u0131mc\u0131s\u0131 ve \u0130zmir Milletvekili Tamer Osmana\u011fao\u011flu, Dokuz Eyl\u00fcl \u00dcniversitesi (DE\u00dc) Rekt\u00f6r\u00fc Prof. Dr. Bayram Y\u0131lmaz, MHP \u0130zmir \u0130l Ba\u015fkan\u0131\u00a0Veysel \u015eahin ve \u0130zmir \u0130l Sa\u011fl\u0131k M\u00fcd\u00fcr\u00fc Burak \u00d6ztop\u00a0taraf\u0131ndan kar\u015f\u0131land\u0131. Ziyareti s\u0131ras\u0131nda bas\u0131n mensuplar\u0131na a\u00e7\u0131klamalarda bulunan Memi\u015fo\u011flu, \u201cSa\u011fl\u0131kl\u0131 T\u00fcrkiye Y\u00fczy\u0131l\u0131 kapsam\u0131nda 39\u2019uncu ilimiz olan ziyaretimizi Ege\u2019nin incisi \u0130zmir\u2019e yap\u0131yoruz. \u0130zmir, sa\u011fl\u0131k anlam\u0131nda iyi yerlerde. 31\u2019i kamu hastanesi olmak \u00fczere bir \u015fehir hastanemiz var. E\u011fitim ara\u015ft\u0131rma hastanelerimiz, 2 tane \u00fcniversite hastanemiz, toplam 64 hastanemizle sa\u011fl\u0131k anlam\u0131nda T\u00fcrkiye\u2019nin en \u00f6nemli yerlerinden bir tanesi. Valimiz, milletvekillerimiz, siyaset\u00e7ilerimizle birlikte daha iyi sa\u011fl\u0131k hizmeti i\u00e7in toplant\u0131lar yap\u0131p, ziyaretlerde bulunaca\u011f\u0131z\u201d dedi.<\/p>\n<p>\u201c8 yaral\u0131m\u0131z kald\u0131\u201d<br \/>\n<br \/>Bolu\u2019da ya\u015fanan olay i\u00e7in \u00fczg\u00fcn olduklar\u0131n\u0131 aktaran Bakan Memi\u015fo\u011flu, \u201cOrada rahmetli olan b\u00fct\u00fcn vatanda\u015flar\u0131m\u0131za Allah\u2019tan rahmet diliyorum. \u015eu anda hastanelerimizde 8 tane yaral\u0131m\u0131z kald\u0131. \u0130n\u015fallah onlar\u0131 da \u015fifayla taburcu edece\u011fiz. Yaral\u0131lar\u0131m\u0131z\u0131 acil \u015fifalar diliyoruz. B\u00fct\u00fcn ailelere sab\u0131rlar diliyoruz\u201d \u015feklinde konu\u015ftu.<\/p>\n<p>\u201c\u00d6ncelikli hedefimiz koruyucu hekimlik\u201d<br \/>\n<br \/>\u00d6ncelikli hedeflerinin \u2018koruyucu hekimlik\u2019 oldu\u011fundan bahseden Bakan Memi\u015fo\u011flu, \u015funlar\u0131 kaydetti:<br \/>\n<br \/>\u201c\u0130nsanlar\u0131n hastalanmadan sa\u011fl\u0131kl\u0131 kalmas\u0131n\u0131 sa\u011flamak. Ba\u011f\u0131ml\u0131l\u0131k, sigara, k\u00f6t\u00fc beslenme, hareketsizlik gibi maalesef bedenimizi ve sa\u011fl\u0131\u011f\u0131m\u0131z\u0131 engelleyen unsurlar\u0131 d\u0131\u015flamak. Hastalanmadan sa\u011fl\u0131\u011f\u0131m\u0131z\u0131 korumak i\u00e7in de aile hekimli\u011fimizi \u00f6n planad tutmaya \u00e7al\u0131\u015f\u0131yoruz. \u0130zmir\u2019de aile hekimlikleri yap\u0131yoruz. Bir\u00e7ok in\u015faat\u0131m\u0131z var. Kurumsal kimlik kazand\u0131raca\u011f\u0131z. Daha da iyi olaca\u011f\u0131z.\u201d<\/p>\n<p>\u201cAcil servislerdeki yo\u011funluklar\u0131 azaltmaya \u00e7al\u0131\u015f\u0131yoruz\u201d<br \/>\n<br \/>\u00d6zellikle k\u0131\u015f d\u00f6neminde \u00fcst solunum yolu enfeksiyonlar\u0131n\u0131n bir miktar artmakta oldu\u011funu vurgulayan Memi\u015fo\u011flu, ge\u00e7en seneye g\u00f6re bir farkl\u0131l\u0131\u011f\u0131n olmad\u0131\u011f\u0131n\u0131n alt\u0131n\u0131 \u00e7izdi. Bu hastal\u0131klar\u0131n bir\u00e7o\u011funun istirahat ve iyi beslenmeyle daha \u00e7abuk ge\u00e7en hastal\u0131klar oldu\u011funu s\u00f6yleyen Bakan Memi\u015fo\u011flu, acildeki yo\u011funluklar\u0131 m\u00fcmk\u00fcn oldu\u011fu kadar azaltmaya \u00e7al\u0131\u015ft\u0131klar\u0131n\u0131 da vurgulad\u0131.<\/p>\n<p>\u201cRandevu s\u0131k\u0131nt\u0131lar\u0131m\u0131z\u0131 bir miktar azaltt\u0131k\u201d<br \/>\n<br \/>Konu\u015fmas\u0131nda randevuyla ilgili sorunlar\u0131 da bir miktar azaltt\u0131klar\u0131n\u0131 anlatan Memi\u015fo\u011flu, \u201cDaha da azaltaca\u011f\u0131z. Bu konuda il m\u00fcd\u00fcrl\u00fcklerimize talimat\u0131m\u0131z bu. \u0130zmir i\u00e7in \u00f6zellikle \u015funu ifade etmek istiyorum. \u00c7ok g\u00fczel bir \u015fehir hastanemiz var. \u00c7ok iyi hizmetler veriyor. \u015eu anda sa\u011fl\u0131\u011f\u0131n odak noktas\u0131 olmu\u015f durumda. Ama kurumsal olarak k\u00fclt\u00fcr\u00fc olan, ge\u00e7mi\u015fte b\u00fcy\u00fck hizmetler vermi\u015f, halen daha hizmet vermeye devam eden Tepecik E\u011fitim ve Ara\u015ft\u0131rma Hastanesi, Atat\u00fcrk E\u011fitim ve Ara\u015ft\u0131rma Hastanesi, Bozyaka E\u011fitim ve Ara\u015ft\u0131rma Hastanesi gibi hastanelerimizi fiziki olarak yenileyece\u011fiz\u201d a\u00e7\u0131klamalar\u0131nda bulundu.<\/p>\n<p>Tepecik Hastanesi projesi<br \/>\n<br \/>Tepecik Hastanesi\u2019ni 2025 yat\u0131r\u0131m program\u0131na ald\u0131klar\u0131n\u0131 s\u00f6yleyen Bakan Memi\u015fo\u011flu, s\u00f6zlerine \u015funlar\u0131 ekledi:<br \/>\n<br \/>\u201cTepecik ile ilgili proje yapaca\u011f\u0131z. Bozyaka Hastanesi de ayn\u0131 \u015fekilde. B\u00fct\u00fcn sa\u011fl\u0131k hizmetlerini en iyi \u015fekilde sunmaya \u00e7al\u0131\u015faca\u011f\u0131z. Alia\u011fa\u2019da Dokuz Eyl\u00fcl \u00dcniversitemizin yapt\u0131\u011f\u0131 bir hastane var. \u0130n\u015fallah onu da \u00e7ok yak\u0131n zamanda hizmete sunmaya \u00e7al\u0131\u015faca\u011f\u0131z.\u201d<br \/><\/p>\n","protected":false},"excerpt":{"rendered":"<p>Sa\u011fl\u0131k Bakan\u0131 Kemal Memi\u015fo\u011flu, \u0130zmir\u2019deki sa\u011fl\u0131k yat\u0131r\u0131mlar\u0131na ili\u015fkin, \u201cTepecik Hastanesini 2025 yat\u0131r\u0131m program\u0131m\u0131za ald\u0131k. Tepecik ile ilgili proje yapaca\u011f\u0131z. Bozyaka Hastanesi de ayn\u0131 \u015fekilde. B\u00fct\u00fcn sa\u011fl\u0131k hizmetlerin en iyi \u015fekilde sunmaya \u00e7al\u0131\u015faca\u011f\u0131z\u201d dedi. Memi\u015fo\u011flu ayr\u0131ca, Bolu\u2019daki otel yang\u0131n\u0131 nedeniyle hastanelerde tedavi g\u00f6ren 8 yaral\u0131 bulundu\u011funu kaydetti. Sa\u011fl\u0131k Bakan\u0131 Kemal Memi\u015fo\u011flu, \u00e7e\u015fitli programlara kat\u0131lmak \u00fczere geldi\u011fi&#8230;<\/p>\n","protected":false},"author":1,"featured_media":12049,"comment_status":"open","ping_status":"open","sticky":false,"template":"","format":"standard","meta":{"_crdt_document":"","footnotes":""},"categories":[127],"tags":[],"class_list":["post-12048","post","type-post","status-publish","format-standard","has-post-thumbnail","hentry","category-siyaset"],"_links":{"self":[{"href":"https:\/\/www.egemtv.com\/index.php?rest_route=\/wp\/v2\/posts\/12048","targetHints":{"allow":["GET"]}}],"collection":[{"href":"https:\/\/www.egemtv.com\/index.php?rest_route=\/wp\/v2\/posts"}],"about":[{"href":"https:\/\/www.egemtv.com\/index.php?rest_route=\/wp\/v2\/types\/post"}],"author":[{"embeddable":true,"href":"https:\/\/www.egemtv.com\/index.php?rest_route=\/wp\/v2\/users\/1"}],"replies":[{"embeddable":true,"href":"https:\/\/www.egemtv.com\/index.php?rest_route=%2Fwp%2Fv2%2Fcomments&post=12048"}],"version-history":[{"count":1,"href":"https:\/\/www.egemtv.com\/index.php?rest_route=\/wp\/v2\/posts\/12048\/revisions"}],"predecessor-version":[{"id":12050,"href":"https:\/\/www.egemtv.com\/index.php?rest_route=\/wp\/v2\/posts\/12048\/revisions\/12050"}],"wp:featuredmedia":[{"embeddable":true,"href":"https:\/\/www.egemtv.com\/index.php?rest_route=\/wp\/v2\/media\/12049"}],"wp:attachment":[{"href":"https:\/\/www.egemtv.com\/index.php?rest_route=%2Fwp%2Fv2%2Fmedia&parent=12048"}],"wp:term":[{"taxonomy":"category","embeddable":true,"href":"https:\/\/www.egemtv.com\/index.php?rest_route=%2Fwp%2Fv2%2Fcategories&post=12048"},{"taxonomy":"post_tag","embeddable":true,"href":"https:\/\/www.egemtv.com\/index.php?rest_route=%2Fwp%2Fv2%2Ftags&post=12048"}],"curies":[{"name":"wp","href":"https:\/\/api.w.org\/{rel}","templated":true}]}}