{"id":12030,"date":"2025-01-24T11:58:40","date_gmt":"2025-01-24T08:58:40","guid":{"rendered":"https:\/\/www.egemtv.com\/?p=12030"},"modified":"2025-01-24T11:58:42","modified_gmt":"2025-01-24T08:58:42","slug":"baskan-ceritoglu-sengel-meryem-ana-evi-nobetimiz-devam-ediyor","status":"publish","type":"post","link":"https:\/\/www.egemtv.com\/?p=12030","title":{"rendered":"Ba\u015fkan Cerito\u011flu Sengel: &#8220;Meryem Ana Evi n\u00f6betimiz devam ediyor&#8221;"},"content":{"rendered":"<p>Fuar \u0130zmir\u2019de d\u00fczenlenen \u201cTurizm Denilince \u0130zmir\u201d s\u00f6yle\u015fine konu\u015fmac\u0131 olarak kat\u0131lan Sel\u00e7uk Belediye Ba\u015fkan\u0131 Filiz Cerito\u011flu Sengel, Meryemana Otopark\u0131 s\u00fcrecine de\u011finerek; \u201cY\u00fcr\u00fctmeyi durdurma davas\u0131n\u0131 a\u00e7t\u0131k, n\u00f6betimiz de devam ediyor\u201d dedi.<br \/>\n<br \/>S\u00f6yle\u015finin moderat\u00f6r\u00fcl\u00fc\u011f\u00fcn\u00fc yapan Gazeteci Nedim Atilla, Sel\u00e7uk\u2019un birbirinden farkl\u0131 d\u00f6nemleri ve farkl\u0131 inan\u00e7lar\u0131 tek bir karede bar\u0131nd\u0131ran bir zenginli\u011fi oldu\u011funa vurgu yaparak; \u201cBen dostlar\u0131m\u0131 Efes Artemis Tap\u0131na\u011f\u0131\u2019n\u0131n \u00f6n\u00fcne g\u00f6t\u00fcr\u00fcr\u00fcm ve derim ki; \u015furadan bir foto\u011fraf \u00e7ekin. \u00c7\u00fcnk\u00fc bu foto\u011fraf\u0131 d\u00fcnyada bir ba\u015fka yerde \u00e7ekemezsiniz. En \u00f6nde antik \u00e7a\u011f\u0131n 7 harikas\u0131ndan biri, bir pagan tap\u0131na\u011f\u0131 Efes Artemision, Ayd\u0131no\u011flu Beyli\u011fi\u2019nden kalm\u0131\u015f olan \u0130sabey Camii ve biraz daha bakarsan\u0131z yukar\u0131ya do\u011fru, Hazreti \u0130sa\u2019n\u0131n en yak\u0131n\u0131ndaki isimden, Aziz Yuhanna\u2019dan ad\u0131n\u0131 alan m\u00fcthi\u015f o kalenin i\u00e7indeki zenginli\u011fi g\u00f6r\u00fcrs\u00fcn\u00fcz. Biraz arkaya do\u011fru gitti\u011finizde de eski yap\u0131lar\u0131n i\u00e7inde Sel\u00e7uk Yahudilerinin eski sinagogunu g\u00f6r\u00fcrs\u00fcn\u00fcz. Yahudi anlay\u0131\u015f\u0131, H\u0131ristiyan anlay\u0131\u015f\u0131 ve M\u00fcsl\u00fcmanl\u0131k. B\u00fct\u00fcn tap\u0131naklar\u0131 tek foto\u011frafta d\u00fcnyada sadece Sel\u00e7uk\u2019ta s\u0131\u011fd\u0131rabilirsiniz\u201d dedi.<\/p>\n<p>&#8220;Efes Sel\u00e7uk\u2019a, Sel\u00e7uk \u0130zmir\u2019e ait&#8221;<br \/>\n<br \/>Sel\u00e7uk\u2019un Efes ile Efes Sel\u00e7uk\u2019un da \u0130zmir ile bir b\u00fct\u00fcn oldu\u011funa dikkat \u00e7eken Ba\u015fkan Cerito\u011flu Sengel; \u201cBen ayn\u0131 zamanda marka patent vekiliyim. Bu sebeple gelir gelmez ilk yapt\u0131\u011f\u0131m \u015fey \u2019Efes Sel\u00e7uk\u2019 tabirini kullanmakt\u0131. Efes\u2019in hep Ku\u015fadas\u0131\u2019na ba\u011fl\u0131 oldu\u011fu d\u00fc\u015f\u00fcn\u00fcld\u00fc. Oysa Efes Sel\u00e7uk\u2019a yani \u0130zmir\u2019e ait bir de\u011fer t\u0131pk\u0131 Pamucak Sahili gibi. Efes Sel\u00e7uk bir sahil \u015fehridir. \u0130nsanlara sordu\u011funuz zaman oradaki sahil sizin mi derler herkes yine oray\u0131 da Ku\u015fadas\u0131 zannederler. Oysa 11 km kesintisiz bir sahilimiz vard\u0131r Efes Sel\u00e7uk\u2019ta ve o da \u0130zmir\u2019e aittir. T\u00fcrkiye\u2019ye herhangi bir yabanc\u0131 ziyaret\u00e7inin gelmesi gibi bir durum s\u00f6z konusu oldu\u011funda Efes\u2019i ziyaret etmeden gidebilece\u011fi herhangi bir durum olmad\u0131\u011f\u0131n\u0131 d\u00fc\u015f\u00fcn\u00fcyorum\u201d dedi.<\/p>\n<p>\u0130lham\u0131m\u0131z\u0131 \u00f6z de\u011ferlerimizden al\u0131yoruz<br \/>\n<br \/>\u00d6ren yeri gelirlerinin yerelde kalmas\u0131n\u0131n yerel halk\u0131n ihtiya\u00e7 duydu\u011fu hizmetlerin \u00fcretilmesi a\u00e7\u0131s\u0131ndan gerekli oldu\u011funa de\u011finen Ba\u015fkan Cerito\u011flu Sengel; &#8220;\u0130lham\u0131m\u0131z\u0131, Efes Sel\u00e7uk\u2019un \u00f6z de\u011ferlerinden al\u0131yoruz. Sonu\u00e7 itibariyle o \u00f6z de\u011ferlerden ald\u0131\u011f\u0131m\u0131z ilham\u0131 da tekrardan geri d\u00f6n\u00fcp m\u00fccadele etmekse m\u00fccadele etmek, direnmekse direnmek ama sonuna kadar devam edece\u011fimiz bir s\u00fcre\u00e7te kullan\u0131yoruz. Meryem Ana Evi otopark\u0131 1970\u2019li y\u0131llardan beri Efes Sel\u00e7uk Belediyesi taraf\u0131ndan i\u015fletiliyor. \u00d6ren yerlerine giri\u015f bedellerinin y\u00fczde 40\u2019\u0131 yerele kal\u0131rken y\u0131llar i\u00e7inde de\u011fi\u015fen mevzuatlarla bu gelir y\u00fczde 5\u2019 d\u00fc\u015ft\u00fc. Bu y\u00fczde 5\u2019lik k\u0131s\u0131mda b\u00fct\u00fcn \u015fehir yasas\u0131 gere\u011fi b\u00fcy\u00fck\u015fehir belediyesine gidiyor sonras\u0131nda da \u00e7an e\u011frisine g\u00f6re n\u00fcfus say\u0131s\u0131na g\u00f6re da\u011f\u0131t\u0131l\u0131yor. Efes Sel\u00e7uk da 26. s\u0131rada ve bize en son bu paydan 2019 y\u0131l\u0131nda 1.948 lira 46 kuru\u015f geldi. Son olarak da Tar\u0131m ve Orman Bakanl\u0131\u011f\u0131 \u2019Meryem Ana Evi otopark\u0131n\u0131n giri\u015fini biz alaca\u011f\u0131z ve otopark\u0131n\u0131 da biz i\u015fletece\u011fiz\u2019 dedi. Biz de y\u00fcr\u00fctmeyi durdurma talepli davam\u0131z\u0131 a\u00e7t\u0131k. N\u00f6betimiz de s\u00fcr\u00fcyor\u201d diyerek s\u00fcre\u00e7le ilgili olarak kat\u0131l\u0131mc\u0131lar\u0131 bilgilendirdi.<\/p>\n<p>Hep beraber lobimizi olu\u015fturaca\u011f\u0131z<br \/>\n<br \/>\u0130zmir\u2019in t\u00fcm il\u00e7elerinin k\u00fclt\u00fcrel, tarihi de\u011ferleri, do\u011fal g\u00fczellikleri bak\u0131m\u0131ndan ayr\u0131 bir de\u011fer oldu\u011funa vurgu yapan Ba\u015fkan Cerito\u011flu Sengel, turizm payda\u015flar\u0131n\u0131n birlik i\u00e7inde bir program d\u00e2hilinde ilerlemesinin \u0130zmir ad\u0131na b\u00fcy\u00fck bir kazan\u0131m oldu\u011funu s\u00f6yledi. Ba\u015fkan Sengel; \u201c\u00c7e\u015fme ne zaman yap\u0131yor Ala\u00e7at\u0131 Ot Festivali\u2019ni belli. EFEST\u2019in yap\u0131laca\u011f\u0131 tarihler belli. Efes Antik Kenti\u2019nde K\u00fclt\u00fcr Bakanl\u0131\u011f\u0131 taraf\u0131ndan d\u00fczenlenen konserlere bir s\u00fcr\u00fc turist geliyorsa ayn\u0131 g\u00fcn i\u00e7erisinde \u00c7e\u015fme\u2019ye o turisti nas\u0131l \u00e7ekeriz? Demem o ki her \u015feyimiz var, lobimizi de biz hep beraber olu\u015fturaca\u011f\u0131z\u201d dedi.<br \/><\/p>\n","protected":false},"excerpt":{"rendered":"<p>Fuar \u0130zmir\u2019de d\u00fczenlenen \u201cTurizm Denilince \u0130zmir\u201d s\u00f6yle\u015fine konu\u015fmac\u0131 olarak kat\u0131lan Sel\u00e7uk Belediye Ba\u015fkan\u0131 Filiz Cerito\u011flu Sengel, Meryemana Otopark\u0131 s\u00fcrecine de\u011finerek; \u201cY\u00fcr\u00fctmeyi durdurma davas\u0131n\u0131 a\u00e7t\u0131k, n\u00f6betimiz de devam ediyor\u201d dedi. S\u00f6yle\u015finin moderat\u00f6r\u00fcl\u00fc\u011f\u00fcn\u00fc yapan Gazeteci Nedim Atilla, Sel\u00e7uk\u2019un birbirinden farkl\u0131 d\u00f6nemleri ve farkl\u0131 inan\u00e7lar\u0131 tek bir karede bar\u0131nd\u0131ran bir zenginli\u011fi oldu\u011funa vurgu yaparak; \u201cBen dostlar\u0131m\u0131 Efes Artemis&#8230;<\/p>\n","protected":false},"author":1,"featured_media":12031,"comment_status":"open","ping_status":"open","sticky":false,"template":"","format":"standard","meta":{"_crdt_document":"","footnotes":""},"categories":[1],"tags":[],"class_list":["post-12030","post","type-post","status-publish","format-standard","has-post-thumbnail","hentry","category-guncel"],"_links":{"self":[{"href":"https:\/\/www.egemtv.com\/index.php?rest_route=\/wp\/v2\/posts\/12030","targetHints":{"allow":["GET"]}}],"collection":[{"href":"https:\/\/www.egemtv.com\/index.php?rest_route=\/wp\/v2\/posts"}],"about":[{"href":"https:\/\/www.egemtv.com\/index.php?rest_route=\/wp\/v2\/types\/post"}],"author":[{"embeddable":true,"href":"https:\/\/www.egemtv.com\/index.php?rest_route=\/wp\/v2\/users\/1"}],"replies":[{"embeddable":true,"href":"https:\/\/www.egemtv.com\/index.php?rest_route=%2Fwp%2Fv2%2Fcomments&post=12030"}],"version-history":[{"count":1,"href":"https:\/\/www.egemtv.com\/index.php?rest_route=\/wp\/v2\/posts\/12030\/revisions"}],"predecessor-version":[{"id":12032,"href":"https:\/\/www.egemtv.com\/index.php?rest_route=\/wp\/v2\/posts\/12030\/revisions\/12032"}],"wp:featuredmedia":[{"embeddable":true,"href":"https:\/\/www.egemtv.com\/index.php?rest_route=\/wp\/v2\/media\/12031"}],"wp:attachment":[{"href":"https:\/\/www.egemtv.com\/index.php?rest_route=%2Fwp%2Fv2%2Fmedia&parent=12030"}],"wp:term":[{"taxonomy":"category","embeddable":true,"href":"https:\/\/www.egemtv.com\/index.php?rest_route=%2Fwp%2Fv2%2Fcategories&post=12030"},{"taxonomy":"post_tag","embeddable":true,"href":"https:\/\/www.egemtv.com\/index.php?rest_route=%2Fwp%2Fv2%2Ftags&post=12030"}],"curies":[{"name":"wp","href":"https:\/\/api.w.org\/{rel}","templated":true}]}}