{"id":12027,"date":"2025-01-24T11:55:51","date_gmt":"2025-01-24T08:55:51","guid":{"rendered":"https:\/\/www.egemtv.com\/?p=12027"},"modified":"2025-01-24T11:55:53","modified_gmt":"2025-01-24T08:55:53","slug":"simavda-ortaokul-ogrencilerine-yonelik-genclige-deger-ara-donem-kampi-basladi","status":"publish","type":"post","link":"https:\/\/www.egemtv.com\/?p=12027","title":{"rendered":"Simav\u2019da ortaokul \u00f6\u011frencilerine y\u00f6nelik \u201cGen\u00e7li\u011fe De\u011fer Ara D\u00f6nem Kamp\u0131\u201d ba\u015flad\u0131"},"content":{"rendered":"<p>Simav \u0130l\u00e7e M\u00fcft\u00fcl\u00fc\u011f\u00fcnce ortaokul \u00f6\u011frencilerine y\u00f6nelik \u201cGen\u00e7li\u011fe De\u011fer Ara D\u00f6nem Kamp\u0131\u201dn\u0131n ba\u015flad\u0131\u011f\u0131 bildirildi.<br \/>\n<br \/>Simav Diyanet Gen\u00e7lik Merkezinde ortaokul \u00f6\u011frencilerine y\u00f6nelik ba\u015flayan dini bilgiler, matematik dersleri, \u00f6d\u00fcll\u00fc yar\u0131\u015fmalar, zeka oyunlar\u0131, \u00f6\u011fle yeme\u011fi ve ikramlarla devam eden ara d\u00f6nem kamp\u0131nda Gen\u00e7lik Koordinat\u00f6rleri Necati Kele\u015f, Kadriye \u00c7akmak, Manevi Dan\u0131\u015fmanlar Mustafa Esen ve Osman Aslan kamp sorumlusu ve e\u011fitim g\u00f6revlisi olarak hizmet veriyor.<br \/><\/p>\n","protected":false},"excerpt":{"rendered":"<p>Simav \u0130l\u00e7e M\u00fcft\u00fcl\u00fc\u011f\u00fcnce ortaokul \u00f6\u011frencilerine y\u00f6nelik \u201cGen\u00e7li\u011fe De\u011fer Ara D\u00f6nem Kamp\u0131\u201dn\u0131n ba\u015flad\u0131\u011f\u0131 bildirildi. Simav Diyanet Gen\u00e7lik Merkezinde ortaokul \u00f6\u011frencilerine y\u00f6nelik ba\u015flayan dini bilgiler, matematik dersleri, \u00f6d\u00fcll\u00fc yar\u0131\u015fmalar, zeka oyunlar\u0131, \u00f6\u011fle yeme\u011fi ve ikramlarla devam eden ara d\u00f6nem kamp\u0131nda Gen\u00e7lik Koordinat\u00f6rleri Necati Kele\u015f, Kadriye \u00c7akmak, Manevi Dan\u0131\u015fmanlar Mustafa Esen ve Osman Aslan kamp sorumlusu ve e\u011fitim&#8230;<\/p>\n","protected":false},"author":1,"featured_media":12028,"comment_status":"open","ping_status":"open","sticky":false,"template":"","format":"standard","meta":{"_crdt_document":"","footnotes":""},"categories":[1],"tags":[],"class_list":["post-12027","post","type-post","status-publish","format-standard","has-post-thumbnail","hentry","category-guncel"],"_links":{"self":[{"href":"https:\/\/www.egemtv.com\/index.php?rest_route=\/wp\/v2\/posts\/12027","targetHints":{"allow":["GET"]}}],"collection":[{"href":"https:\/\/www.egemtv.com\/index.php?rest_route=\/wp\/v2\/posts"}],"about":[{"href":"https:\/\/www.egemtv.com\/index.php?rest_route=\/wp\/v2\/types\/post"}],"author":[{"embeddable":true,"href":"https:\/\/www.egemtv.com\/index.php?rest_route=\/wp\/v2\/users\/1"}],"replies":[{"embeddable":true,"href":"https:\/\/www.egemtv.com\/index.php?rest_route=%2Fwp%2Fv2%2Fcomments&post=12027"}],"version-history":[{"count":1,"href":"https:\/\/www.egemtv.com\/index.php?rest_route=\/wp\/v2\/posts\/12027\/revisions"}],"predecessor-version":[{"id":12029,"href":"https:\/\/www.egemtv.com\/index.php?rest_route=\/wp\/v2\/posts\/12027\/revisions\/12029"}],"wp:featuredmedia":[{"embeddable":true,"href":"https:\/\/www.egemtv.com\/index.php?rest_route=\/wp\/v2\/media\/12028"}],"wp:attachment":[{"href":"https:\/\/www.egemtv.com\/index.php?rest_route=%2Fwp%2Fv2%2Fmedia&parent=12027"}],"wp:term":[{"taxonomy":"category","embeddable":true,"href":"https:\/\/www.egemtv.com\/index.php?rest_route=%2Fwp%2Fv2%2Fcategories&post=12027"},{"taxonomy":"post_tag","embeddable":true,"href":"https:\/\/www.egemtv.com\/index.php?rest_route=%2Fwp%2Fv2%2Ftags&post=12027"}],"curies":[{"name":"wp","href":"https:\/\/api.w.org\/{rel}","templated":true}]}}