{"id":12024,"date":"2025-01-24T11:50:34","date_gmt":"2025-01-24T08:50:34","guid":{"rendered":"https:\/\/www.egemtv.com\/?p=12024"},"modified":"2025-01-24T11:50:35","modified_gmt":"2025-01-24T08:50:35","slug":"simavda-din-gorevlilerine-talim-ve-tashih-i-huruf-kursu","status":"publish","type":"post","link":"https:\/\/www.egemtv.com\/?p=12024","title":{"rendered":"Simav\u2019da din g\u00f6revlilerine Talim ve Tashih-i Huruf kursu"},"content":{"rendered":"<p>K\u00fctahya\u2019n\u0131n Simav \u0130l\u00e7e M\u00fcft\u00fcl\u00fc\u011f\u00fcnce din g\u00f6revlilerine y\u00f6nelik 3 ay \u00f6ce a\u00e7\u0131lan Talim ve Tashih-i Huruf kursu, yap\u0131lan bitirme s\u0131nav\u0131yla sona erdi.<br \/>\n<br \/>15 Temmuz \u015eehitleri Kur\u2019an Kursunun konferans salonunda d\u00fczenlenen ve yakla\u015f\u0131k 3 ay s\u00fcren kursun ard\u0131ndan \u0130l\u00e7e M\u00fcft\u00fcs\u00fc Hasan Ser\u00e7e\u2019nin ba\u015fkanl\u0131\u011f\u0131nda, Murak\u0131b Ertu\u011frul Takak ve Vaiz Feyzullah Sat\u0131lm\u0131\u015f\u2019tan olu\u015fan komisyonun yapt\u0131\u011f\u0131 bitirme s\u0131nav\u0131 ile Talim ve Tashih-i Huruf kursu tamamland\u0131.<br \/>\n<br \/>Kursta \u00f6\u011fretici olarak \u0130l\u00e7e M\u00fcft\u00fcs\u00fc Hasan Ser\u00e7e, Vaizler Bayram Mara\u015fl\u0131, Feyzullah Sat\u0131lm\u0131\u015f, Murak\u0131b Ertu\u011frul Takak ve Din G\u00f6revlileri Harun Cang\u00fcr, Ufuk Demirkan\u2019\u0131n g\u00f6rev ald\u0131.<br \/>\n<br \/>Yap\u0131lan kurs bitirme s\u0131nav\u0131n\u0131n sonunda ba\u015far\u0131l\u0131 olan din g\u00f6revlilerine kurs bitirme belgesi verilecek.<br \/><\/p>\n","protected":false},"excerpt":{"rendered":"<p>K\u00fctahya\u2019n\u0131n Simav \u0130l\u00e7e M\u00fcft\u00fcl\u00fc\u011f\u00fcnce din g\u00f6revlilerine y\u00f6nelik 3 ay \u00f6ce a\u00e7\u0131lan Talim ve Tashih-i Huruf kursu, yap\u0131lan bitirme s\u0131nav\u0131yla sona erdi. 15 Temmuz \u015eehitleri Kur\u2019an Kursunun konferans salonunda d\u00fczenlenen ve yakla\u015f\u0131k 3 ay s\u00fcren kursun ard\u0131ndan \u0130l\u00e7e M\u00fcft\u00fcs\u00fc Hasan Ser\u00e7e\u2019nin ba\u015fkanl\u0131\u011f\u0131nda, Murak\u0131b Ertu\u011frul Takak ve Vaiz Feyzullah Sat\u0131lm\u0131\u015f\u2019tan olu\u015fan komisyonun yapt\u0131\u011f\u0131 bitirme s\u0131nav\u0131 ile Talim&#8230;<\/p>\n","protected":false},"author":1,"featured_media":12025,"comment_status":"open","ping_status":"open","sticky":false,"template":"","format":"standard","meta":{"_crdt_document":"","footnotes":""},"categories":[123],"tags":[],"class_list":["post-12024","post","type-post","status-publish","format-standard","has-post-thumbnail","hentry","category-gundem"],"_links":{"self":[{"href":"https:\/\/www.egemtv.com\/index.php?rest_route=\/wp\/v2\/posts\/12024","targetHints":{"allow":["GET"]}}],"collection":[{"href":"https:\/\/www.egemtv.com\/index.php?rest_route=\/wp\/v2\/posts"}],"about":[{"href":"https:\/\/www.egemtv.com\/index.php?rest_route=\/wp\/v2\/types\/post"}],"author":[{"embeddable":true,"href":"https:\/\/www.egemtv.com\/index.php?rest_route=\/wp\/v2\/users\/1"}],"replies":[{"embeddable":true,"href":"https:\/\/www.egemtv.com\/index.php?rest_route=%2Fwp%2Fv2%2Fcomments&post=12024"}],"version-history":[{"count":1,"href":"https:\/\/www.egemtv.com\/index.php?rest_route=\/wp\/v2\/posts\/12024\/revisions"}],"predecessor-version":[{"id":12026,"href":"https:\/\/www.egemtv.com\/index.php?rest_route=\/wp\/v2\/posts\/12024\/revisions\/12026"}],"wp:featuredmedia":[{"embeddable":true,"href":"https:\/\/www.egemtv.com\/index.php?rest_route=\/wp\/v2\/media\/12025"}],"wp:attachment":[{"href":"https:\/\/www.egemtv.com\/index.php?rest_route=%2Fwp%2Fv2%2Fmedia&parent=12024"}],"wp:term":[{"taxonomy":"category","embeddable":true,"href":"https:\/\/www.egemtv.com\/index.php?rest_route=%2Fwp%2Fv2%2Fcategories&post=12024"},{"taxonomy":"post_tag","embeddable":true,"href":"https:\/\/www.egemtv.com\/index.php?rest_route=%2Fwp%2Fv2%2Ftags&post=12024"}],"curies":[{"name":"wp","href":"https:\/\/api.w.org\/{rel}","templated":true}]}}