{"id":12021,"date":"2025-01-24T11:50:31","date_gmt":"2025-01-24T08:50:31","guid":{"rendered":"https:\/\/www.egemtv.com\/?p=12021"},"modified":"2025-01-24T11:50:33","modified_gmt":"2025-01-24T08:50:33","slug":"vali-aktas-sehit-ve-gazi-ailesini-ziyaret-etti","status":"publish","type":"post","link":"https:\/\/www.egemtv.com\/?p=12021","title":{"rendered":"Vali Akta\u015f \u015fehit ve gazi ailesini ziyaret etti"},"content":{"rendered":"<p>U\u015fak Valisi Naci Akta\u015f, \u015eehit Uzman \u00c7avu\u015f Yener Sunal\u2019\u0131n ailesini ve Gazi B\u00fclent \u00c7itim\u2019i ziyaret etti.<\/p>\n<p>U\u015fak Valisi Naci Akta\u015f, 1993 y\u0131l\u0131nda ter\u00f6ristlerle girdi\u011fi \u00e7at\u0131\u015fmada \u015fehit olan Uzman \u00c7avu\u015f Yener Sunal\u2019\u0131n emaneti olan annesi Iraz Sunal\u2019\u0131 ziyaret etti. Vali Akta\u015f, ard\u0131ndan Gazi B\u00fclent \u00c7itim\u2019i ve ailesini ziyaret ederek \u015fehitlerimize Allah\u2019tan rahmet, Gazi \u00c7itim\u2019e ise ailesiyle birlikte huzurlu bir \u00f6m\u00fcr diledi.<br \/>\n<br \/>Vali Akta\u015f\u2019\u0131n yan\u0131 s\u0131ra ziyarette, e\u015fi Nagihan Akta\u015f, U\u015fak Cumhuriyet Ba\u015fsavc\u0131s\u0131 \u0130smet \u00c7\u0131nar, U\u015fak \u0130l Emniyet M\u00fcd\u00fcr\u00fc Mehmet Ali Kolcu ve U\u015fak \u0130l Jandarma Komutan\u0131 K\u0131demli Albay Fahri Semiz bulundu.<br \/><\/p>\n","protected":false},"excerpt":{"rendered":"<p>U\u015fak Valisi Naci Akta\u015f, \u015eehit Uzman \u00c7avu\u015f Yener Sunal\u2019\u0131n ailesini ve Gazi B\u00fclent \u00c7itim\u2019i ziyaret etti. U\u015fak Valisi Naci Akta\u015f, 1993 y\u0131l\u0131nda ter\u00f6ristlerle girdi\u011fi \u00e7at\u0131\u015fmada \u015fehit olan Uzman \u00c7avu\u015f Yener Sunal\u2019\u0131n emaneti olan annesi Iraz Sunal\u2019\u0131 ziyaret etti. Vali Akta\u015f, ard\u0131ndan Gazi B\u00fclent \u00c7itim\u2019i ve ailesini ziyaret ederek \u015fehitlerimize Allah\u2019tan rahmet, Gazi \u00c7itim\u2019e ise ailesiyle&#8230;<\/p>\n","protected":false},"author":1,"featured_media":12022,"comment_status":"open","ping_status":"open","sticky":false,"template":"","format":"standard","meta":{"_crdt_document":"","footnotes":""},"categories":[123],"tags":[],"class_list":["post-12021","post","type-post","status-publish","format-standard","has-post-thumbnail","hentry","category-gundem"],"_links":{"self":[{"href":"https:\/\/www.egemtv.com\/index.php?rest_route=\/wp\/v2\/posts\/12021","targetHints":{"allow":["GET"]}}],"collection":[{"href":"https:\/\/www.egemtv.com\/index.php?rest_route=\/wp\/v2\/posts"}],"about":[{"href":"https:\/\/www.egemtv.com\/index.php?rest_route=\/wp\/v2\/types\/post"}],"author":[{"embeddable":true,"href":"https:\/\/www.egemtv.com\/index.php?rest_route=\/wp\/v2\/users\/1"}],"replies":[{"embeddable":true,"href":"https:\/\/www.egemtv.com\/index.php?rest_route=%2Fwp%2Fv2%2Fcomments&post=12021"}],"version-history":[{"count":1,"href":"https:\/\/www.egemtv.com\/index.php?rest_route=\/wp\/v2\/posts\/12021\/revisions"}],"predecessor-version":[{"id":12023,"href":"https:\/\/www.egemtv.com\/index.php?rest_route=\/wp\/v2\/posts\/12021\/revisions\/12023"}],"wp:featuredmedia":[{"embeddable":true,"href":"https:\/\/www.egemtv.com\/index.php?rest_route=\/wp\/v2\/media\/12022"}],"wp:attachment":[{"href":"https:\/\/www.egemtv.com\/index.php?rest_route=%2Fwp%2Fv2%2Fmedia&parent=12021"}],"wp:term":[{"taxonomy":"category","embeddable":true,"href":"https:\/\/www.egemtv.com\/index.php?rest_route=%2Fwp%2Fv2%2Fcategories&post=12021"},{"taxonomy":"post_tag","embeddable":true,"href":"https:\/\/www.egemtv.com\/index.php?rest_route=%2Fwp%2Fv2%2Ftags&post=12021"}],"curies":[{"name":"wp","href":"https:\/\/api.w.org\/{rel}","templated":true}]}}