{"id":12018,"date":"2025-01-24T11:50:29","date_gmt":"2025-01-24T08:50:29","guid":{"rendered":"https:\/\/www.egemtv.com\/?p=12018"},"modified":"2025-01-24T11:50:31","modified_gmt":"2025-01-24T08:50:31","slug":"pfdkdan-usakspora-ceza","status":"publish","type":"post","link":"https:\/\/www.egemtv.com\/?p=12018","title":{"rendered":"PFDK\u2019dan U\u015fakspor\u2019a ceza"},"content":{"rendered":"<p>T\u00fcrkiye Futbol Federasyonu (TFF) Profesyonel Futbol Disiplin Kurulu (PFDK), U\u015fakspor\u2019a Etimesgut Belediyespor ma\u00e7\u0131 nedeniyle verilen cezay\u0131 a\u00e7\u0131klad\u0131.<\/p>\n<p>Nesine 3. Lig 2. Grup\u2019da m\u00fccadele veren U\u015fakspor 19 Ocak 2025 tarihinde kendi evinde Etimesgut Belediyespor ile oynam\u0131\u015f oldu\u011fu ma\u00e7ta taraftarlar\u0131n\u0131n neden oldu\u011fu saha olaylar\u0131 nedeniyle PFDK\u2019ya sevk edilmi\u015fti. Yine ayn\u0131 ma\u00e7 sebebiyle taraftarlar\u0131n\u0131n neden oldu\u011fu \u00e7irkin ve k\u00f6t\u00fc tezah\u00fcrat nedeniyle ve bu eylemin ayn\u0131 sezon i\u00e7inde ev sahibi kul\u00fcp oldu\u011fu m\u00fcsabakada 6. kez ger\u00e7ekle\u015ftirilmesi ve tak\u0131m halinde sportmenli\u011fe ayk\u0131r\u0131 hareketi nedeniyle PFDK\u2019ya sevk edilen U\u015fakspor\u2019un cezalar\u0131 belli oldu.<\/p>\n<p>T\u00fcrkiye Futbol Federasyonu, Profesyonel Futbol Disiplin Kurulun yapm\u0131\u015f oldu\u011fu a\u00e7\u0131klamada, \u201cU\u015fak Spor A.\u015e.\u2019nin, 19.01.2025 tarihinde oynanan U\u015fak Spor A.\u015e.-Etimesgut Belediyespor Nesine 3. Lig 2. Grup m\u00fcsabakas\u0131nda, taraftarlar\u0131n\u0131n neden oldu\u011fu saha olaylar\u0131 nedeniyle FDT\u2019nin 52\/2. maddesi uyar\u0131nca 21 bin TL para cezas\u0131 ile cezaland\u0131r\u0131lmas\u0131na karar verildi. Ayn\u0131 m\u00fcsabakada U\u015eAK SPOR A.\u015e.\u2019nin, taraftarlar\u0131n\u0131n neden oldu\u011fu \u00e7irkin ve k\u00f6t\u00fc tezah\u00fcrat nedeniyle ve bu eylemin ayn\u0131 sezon i\u00e7inde ev sahibi kul\u00fcp oldu\u011fu m\u00fcsabakada 6. kez ger\u00e7ekle\u015ftirilmesinden dolay\u0131 FDT\u2019nin 53\/2. maddesi uyar\u0131nca 1 resmi m\u00fcsabakay\u0131 kendi sahas\u0131nda seyircisiz oynama ve 15 bin 750 TL para cezas\u0131 ile cezaland\u0131r\u0131lmas\u0131na karar verilirken, yine ayn\u0131 m\u00fcsabakada U\u015fak Spor A.\u015e.\u2019nin, tak\u0131m halinde sportmenli\u011fe ayk\u0131r\u0131 hareketi nedeniyle FDT\u2019nin 40\/2. maddesi uyar\u0131nca 6 bin 300 TL para cezas\u0131 ile cezaland\u0131r\u0131lmas\u0131na karar verilmi\u015ftir\u201d ifadelerine yer verildi.<br \/><\/p>\n","protected":false},"excerpt":{"rendered":"<p>T\u00fcrkiye Futbol Federasyonu (TFF) Profesyonel Futbol Disiplin Kurulu (PFDK), U\u015fakspor\u2019a Etimesgut Belediyespor ma\u00e7\u0131 nedeniyle verilen cezay\u0131 a\u00e7\u0131klad\u0131. Nesine 3. Lig 2. Grup\u2019da m\u00fccadele veren U\u015fakspor 19 Ocak 2025 tarihinde kendi evinde Etimesgut Belediyespor ile oynam\u0131\u015f oldu\u011fu ma\u00e7ta taraftarlar\u0131n\u0131n neden oldu\u011fu saha olaylar\u0131 nedeniyle PFDK\u2019ya sevk edilmi\u015fti. Yine ayn\u0131 ma\u00e7 sebebiyle taraftarlar\u0131n\u0131n neden oldu\u011fu \u00e7irkin ve&#8230;<\/p>\n","protected":false},"author":1,"featured_media":12019,"comment_status":"open","ping_status":"open","sticky":false,"template":"","format":"standard","meta":{"_crdt_document":"","footnotes":""},"categories":[4],"tags":[],"class_list":["post-12018","post","type-post","status-publish","format-standard","has-post-thumbnail","hentry","category-spor"],"_links":{"self":[{"href":"https:\/\/www.egemtv.com\/index.php?rest_route=\/wp\/v2\/posts\/12018","targetHints":{"allow":["GET"]}}],"collection":[{"href":"https:\/\/www.egemtv.com\/index.php?rest_route=\/wp\/v2\/posts"}],"about":[{"href":"https:\/\/www.egemtv.com\/index.php?rest_route=\/wp\/v2\/types\/post"}],"author":[{"embeddable":true,"href":"https:\/\/www.egemtv.com\/index.php?rest_route=\/wp\/v2\/users\/1"}],"replies":[{"embeddable":true,"href":"https:\/\/www.egemtv.com\/index.php?rest_route=%2Fwp%2Fv2%2Fcomments&post=12018"}],"version-history":[{"count":1,"href":"https:\/\/www.egemtv.com\/index.php?rest_route=\/wp\/v2\/posts\/12018\/revisions"}],"predecessor-version":[{"id":12020,"href":"https:\/\/www.egemtv.com\/index.php?rest_route=\/wp\/v2\/posts\/12018\/revisions\/12020"}],"wp:featuredmedia":[{"embeddable":true,"href":"https:\/\/www.egemtv.com\/index.php?rest_route=\/wp\/v2\/media\/12019"}],"wp:attachment":[{"href":"https:\/\/www.egemtv.com\/index.php?rest_route=%2Fwp%2Fv2%2Fmedia&parent=12018"}],"wp:term":[{"taxonomy":"category","embeddable":true,"href":"https:\/\/www.egemtv.com\/index.php?rest_route=%2Fwp%2Fv2%2Fcategories&post=12018"},{"taxonomy":"post_tag","embeddable":true,"href":"https:\/\/www.egemtv.com\/index.php?rest_route=%2Fwp%2Fv2%2Ftags&post=12018"}],"curies":[{"name":"wp","href":"https:\/\/api.w.org\/{rel}","templated":true}]}}