{"id":12015,"date":"2025-01-24T11:50:25","date_gmt":"2025-01-24T08:50:25","guid":{"rendered":"https:\/\/www.egemtv.com\/?p=12015"},"modified":"2025-01-24T11:50:28","modified_gmt":"2025-01-24T08:50:28","slug":"manisadaki-havuzlar-yenilendi","status":"publish","type":"post","link":"https:\/\/www.egemtv.com\/?p=12015","title":{"rendered":"Manisa\u2019daki havuzlar yenilendi"},"content":{"rendered":"<p>Manisa B\u00fcy\u00fck\u015fehir Belediyesi, kentin daha ya\u015fanabilir bir hale gelmesi i\u00e7in fiziki d\u00fczenleme \u00e7al\u0131\u015fmalar\u0131na h\u0131z kesmeden devam ediyor. Bu kapsamda, Hakk\u0131 \u0130plik\u00e7i Park\u0131 ve Kumludere Caddesi\u2019nde bulunan toplam 11 havuz, Fen \u0130\u015fleri Dairesi Ba\u015fkanl\u0131\u011f\u0131 taraf\u0131ndan ger\u00e7ekle\u015ftirilen y\u00fczey yenileme \u00e7al\u0131\u015fmalar\u0131yla yeniden Manisal\u0131lar\u0131n kullan\u0131m\u0131na sunuldu.<br \/>\n<br \/>Manisa B\u00fcy\u00fck\u015fehir Belediyesi, kentin fiziksel g\u00f6r\u00fcn\u00fcm\u00fcn\u00fc iyile\u015ftirmek ve halk\u0131n ya\u015fam kalitesini art\u0131rmak ad\u0131na parklar, meydanlar ve sosyal alanlarda \u00e7al\u0131\u015fmalar\u0131na aral\u0131ks\u0131z devam ediyor. T\u00fcm il\u00e7elerde ba\u015flat\u0131lan d\u00fczenleme ve yenileme projeleriyle vatanda\u015flara daha temiz, modern ve konforlu ya\u015fam alanlar\u0131 sunulmas\u0131 hedefleniyor. Bu kapsamda, y\u0131llar i\u00e7inde y\u0131pranarak deforme olan Hakk\u0131 \u0130plik\u00e7i Park\u0131\u2019ndaki d\u00f6rt havuz ile Kumludere Caddesi\u2019ndeki yedi havuz B\u00fcy\u00fck\u015fehir Belediyesi taraf\u0131ndan yeniledi. Fen \u0130\u015fleri Dairesi Ba\u015fkanl\u0131\u011f\u0131 Bak\u0131m Onar\u0131m ve At\u00f6lyeler \u015eube M\u00fcd\u00fcrl\u00fc\u011f\u00fc ekiplerinin titiz \u00e7al\u0131\u015fmalar\u0131 sonucunda, havuzlar modern bir g\u00f6r\u00fcn\u00fcme kavu\u015fturularak b\u00f6lge halk\u0131n\u0131n hizmetine sunuldu.<\/p>\n<p>\u201cYenileme \u00e7al\u0131\u015fmalar\u0131m\u0131z devam edecek\u201d<br \/>\n<br \/>Bak\u0131m Onar\u0131m ve At\u00f6lyeler \u015eube M\u00fcd\u00fcr\u00fc Y\u0131lmaz U\u00e7ar, Manisa B\u00fcy\u00fck\u015fehir Belediyesi\u2019nin sorumlulu\u011fundaki t\u00fcm park ve ya\u015fam alanlar\u0131nda ger\u00e7ekle\u015ftirdikleri yenileme \u00e7al\u0131\u015fmalar\u0131 hakk\u0131nda bilgi vererek, \u201cHakk\u0131 \u0130plik\u00e7i Park\u0131\u2019nda ve Kumludere Caddesi\u2019ndeki toplam 11 havuzda yenileme \u00e7al\u0131\u015fmalar\u0131 ger\u00e7ekle\u015ftirdik. Zamanla y\u0131pranan bu alanlar\u0131 yeniden kullan\u0131ma sunarak vatanda\u015flar\u0131m\u0131z i\u00e7in daha estetik ve temiz bir ortam olu\u015fturmay\u0131 hedefliyoruz. Belirlenen program do\u011frultusunda yenileme \u00e7al\u0131\u015fmalar\u0131m\u0131z Manisa\u2019n\u0131n her noktas\u0131nda s\u00fcrecek\u201d dedi.<br \/><\/p>\n","protected":false},"excerpt":{"rendered":"<p>Manisa B\u00fcy\u00fck\u015fehir Belediyesi, kentin daha ya\u015fanabilir bir hale gelmesi i\u00e7in fiziki d\u00fczenleme \u00e7al\u0131\u015fmalar\u0131na h\u0131z kesmeden devam ediyor. Bu kapsamda, Hakk\u0131 \u0130plik\u00e7i Park\u0131 ve Kumludere Caddesi\u2019nde bulunan toplam 11 havuz, Fen \u0130\u015fleri Dairesi Ba\u015fkanl\u0131\u011f\u0131 taraf\u0131ndan ger\u00e7ekle\u015ftirilen y\u00fczey yenileme \u00e7al\u0131\u015fmalar\u0131yla yeniden Manisal\u0131lar\u0131n kullan\u0131m\u0131na sunuldu. Manisa B\u00fcy\u00fck\u015fehir Belediyesi, kentin fiziksel g\u00f6r\u00fcn\u00fcm\u00fcn\u00fc iyile\u015ftirmek ve halk\u0131n ya\u015fam kalitesini art\u0131rmak ad\u0131na&#8230;<\/p>\n","protected":false},"author":1,"featured_media":12016,"comment_status":"open","ping_status":"open","sticky":false,"template":"","format":"standard","meta":{"_crdt_document":"","footnotes":""},"categories":[1],"tags":[],"class_list":["post-12015","post","type-post","status-publish","format-standard","has-post-thumbnail","hentry","category-guncel"],"_links":{"self":[{"href":"https:\/\/www.egemtv.com\/index.php?rest_route=\/wp\/v2\/posts\/12015","targetHints":{"allow":["GET"]}}],"collection":[{"href":"https:\/\/www.egemtv.com\/index.php?rest_route=\/wp\/v2\/posts"}],"about":[{"href":"https:\/\/www.egemtv.com\/index.php?rest_route=\/wp\/v2\/types\/post"}],"author":[{"embeddable":true,"href":"https:\/\/www.egemtv.com\/index.php?rest_route=\/wp\/v2\/users\/1"}],"replies":[{"embeddable":true,"href":"https:\/\/www.egemtv.com\/index.php?rest_route=%2Fwp%2Fv2%2Fcomments&post=12015"}],"version-history":[{"count":1,"href":"https:\/\/www.egemtv.com\/index.php?rest_route=\/wp\/v2\/posts\/12015\/revisions"}],"predecessor-version":[{"id":12017,"href":"https:\/\/www.egemtv.com\/index.php?rest_route=\/wp\/v2\/posts\/12015\/revisions\/12017"}],"wp:featuredmedia":[{"embeddable":true,"href":"https:\/\/www.egemtv.com\/index.php?rest_route=\/wp\/v2\/media\/12016"}],"wp:attachment":[{"href":"https:\/\/www.egemtv.com\/index.php?rest_route=%2Fwp%2Fv2%2Fmedia&parent=12015"}],"wp:term":[{"taxonomy":"category","embeddable":true,"href":"https:\/\/www.egemtv.com\/index.php?rest_route=%2Fwp%2Fv2%2Fcategories&post=12015"},{"taxonomy":"post_tag","embeddable":true,"href":"https:\/\/www.egemtv.com\/index.php?rest_route=%2Fwp%2Fv2%2Ftags&post=12015"}],"curies":[{"name":"wp","href":"https:\/\/api.w.org\/{rel}","templated":true}]}}