{"id":12009,"date":"2025-01-24T11:40:52","date_gmt":"2025-01-24T08:40:52","guid":{"rendered":"https:\/\/www.egemtv.com\/?p=12009"},"modified":"2025-01-24T11:40:54","modified_gmt":"2025-01-24T08:40:54","slug":"kasapoglundan-delegelere-yeter-ki-inanalim-basaririz","status":"publish","type":"post","link":"https:\/\/www.egemtv.com\/?p=12009","title":{"rendered":"Kasapo\u011flu\u2019ndan delegelere: &#8220;Yeter ki inanal\u0131m ba\u015far\u0131r\u0131z&#8221;"},"content":{"rendered":"<p>\u00d6nceki D\u00f6nem Gen\u00e7lik ve Spor Bakan\u0131, \u0130zmir Milletvekili Mehmet Kasapo\u011flu, &#8220;Kongremizi ger\u00e7ekle\u015ftirece\u011fimiz 1 \u015eubat\u2019\u0131n AK davam\u0131z ve \u0130zmirimiz i\u00e7in yepyeni bir ba\u015flang\u0131\u00e7 olaca\u011f\u0131na, \u0130zmirimizin g\u00fczel insanlar\u0131n\u0131 AK Parti\u2019nin yerel y\u00f6netim vizyonu ile bulu\u015fturaca\u011f\u0131m\u0131za en g\u00fc\u00e7l\u00fc bi\u00e7imde inan\u0131yorum.&#8221; dedi.<br \/>\n<br \/>AK Parti \u0130zmir Te\u015fkilat\u0131 taraf\u0131ndan d\u00fczenlenen \u2018Ortak Ak\u0131l\u2019 program\u0131na kat\u0131lan Kasapo\u011flu, &#8220;Milletimize \u00e7eyrek as\u0131r hizmet eden, istikametini milletimizin tayin etti\u011fi AK Partimizin bir ferdi olman\u0131n onurunu ta\u015f\u0131yorum. Ortak ak\u0131l, vizyon ve te\u015fkilat modeliyle, birlik, beraberlik ve sevgiyle d\u00fcnya siyaset literat\u00fcr\u00fcne ismini alt\u0131n harflerle kaz\u0131m\u0131\u015f bu hareketin bir par\u00e7as\u0131 olmaktan \u00e7ok b\u00fcy\u00fck bir gurur duyuyorum&#8221; dedi.<br \/>\n<br \/>AK Parti\u2019nin bir demokrasi destan\u0131 yazd\u0131\u011f\u0131n\u0131 belirten Kasapo\u011flu, \u015f\u00f6yle devam etti: &#8220;D\u00fcnya lideri Cumhurba\u015fkan\u0131m\u0131z ve Genel Ba\u015fkan\u0131m\u0131z Say\u0131n Recep Tayyip Erdo\u011fan\u2019\u0131n rehberli\u011finde millete hizmetin, milletin derdiyle dertlenmenin elbette bir bedeli de olacakt\u0131. Hi\u00e7bir zafere \u00e7i\u00e7ekli yollardan gidilemeyece\u011fi gibi bizler de pek \u00e7ok engelle, anti demokratik uygulamalarla, kapatma davalar\u0131yla ve hain darbe giri\u015fimleriyle m\u00fccadele ederek bug\u00fcnlere ula\u015ft\u0131k. Milletin kurdu\u011fu bu partiyi yine millet sahiplendi ve bug\u00fcnlere getirdi. \u0130radesine el koymak isteyenlerin kar\u015f\u0131s\u0131nda \u00e7elik bir irade g\u00f6sterdi, demokrasiye ge\u00e7irilmek istenen ate\u015ften \u00e7emberi g\u00f6\u011fs\u00fcnde k\u0131r\u0131p par\u00e7alad\u0131. Ve AK Partimizin nezdinde bir demokrasi destan\u0131 yazd\u0131.&#8221;<\/p>\n<p>1 \u015eubat \u0130zmir i\u00e7in yeni bir ba\u015flang\u0131\u00e7<br \/>\n<br \/>&#8220;Kongremizi ger\u00e7ekle\u015ftirece\u011fimiz 1 \u015eubat\u2019\u0131n AK davam\u0131z ve \u0130zmirimiz i\u00e7in yepyeni bir ba\u015flang\u0131\u00e7 olaca\u011f\u0131na, \u0130zmirimizin g\u00fczel insanlar\u0131n\u0131 AK Parti\u2019nin yerel y\u00f6netim vizyonu ile bulu\u015fturaca\u011f\u0131m\u0131za en g\u00fc\u00e7l\u00fc bi\u00e7imde inan\u0131yorum.&#8221; diyen Kasapo\u011flu, &#8220;Yeter ki bir ve beraber olal\u0131m, inanal\u0131m, azimle \u00e7al\u0131\u015fal\u0131m. Kader gayrete a\u015f\u0131kt\u0131r, o zaman ba\u015far\u0131 ka\u00e7\u0131n\u0131lmaz olur.&#8221; ifadelerini kulland\u0131.<br \/>\n<br \/>Kongrelerin kendileri i\u00e7in bir muhasebe d\u00f6nemi oldu\u011funu, bu s\u00fcreci yenilenmenin, tazelenmenin ve g\u00fc\u00e7lenmenin f\u0131rsat\u0131 olarak g\u00f6rd\u00fcklerini belirten Kasapo\u011flu; &#8220;Ortak akl\u0131 ve isti\u015fareyi egemen k\u0131ld\u0131\u011f\u0131m\u0131z, birlik ve beraberli\u011fimizi AK davam\u0131z\u0131n harc\u0131 yapt\u0131\u011f\u0131m\u0131z bu s\u00fcrecin sonunda hi\u00e7 \u015f\u00fcphe yok ki kazanan \u0130zmir olacak, bu hareketin her bir ferdi ilk g\u00fcnk\u00fc co\u015fku ve heyecanla yola revan olacak.&#8221; dedi.<br \/>\n<br \/>Konu\u015fmas\u0131n\u0131n devam\u0131nda Kasapo\u011flu; &#8220;\u0130zmir te\u015fkilat\u0131m\u0131z bug\u00fcne kadar benzersiz bir fedakarl\u0131k ve \u00f6zveri g\u00f6sterdi. Biz onlar\u0131n omuzlar\u0131ndaki y\u00fck\u00fcn fark\u0131nday\u0131z, onlar da kutlu bir yolun ve davan\u0131n neferi olduklar\u0131n\u0131n fark\u0131ndalar. Her birine en kalbi duygular\u0131mla \u015f\u00fckranlar\u0131m\u0131 sunuyorum. Yolumuz uzun ve zorlu olsa da hedefimize mutlaka ula\u015faca\u011f\u0131z. Bu b\u00fcy\u00fck g\u00f6revi s\u0131rtlayacak, bu kutlu yolun ta\u015flar\u0131n\u0131 d\u00f6\u015feyecek AK Parti \u0130l Te\u015fkilat\u0131m\u0131z\u0131, ba\u015fkan\u0131m\u0131z Say\u0131n Bilal Sayg\u0131l\u0131 beyefendiyi ve fedakar ekibini y\u00fcrekten tebrik ediyor, kongremizin \u015fehrimize, il\u00e7elerimize ve AK Parti vizyonuna hasret \u0130zmir\u2019in g\u00fczel insanlar\u0131na zafer getirece\u011fine y\u00fcrekten inan\u0131yorum&#8221; diye konu\u015ftu.<br \/><\/p>\n","protected":false},"excerpt":{"rendered":"<p>\u00d6nceki D\u00f6nem Gen\u00e7lik ve Spor Bakan\u0131, \u0130zmir Milletvekili Mehmet Kasapo\u011flu, &#8220;Kongremizi ger\u00e7ekle\u015ftirece\u011fimiz 1 \u015eubat\u2019\u0131n AK davam\u0131z ve \u0130zmirimiz i\u00e7in yepyeni bir ba\u015flang\u0131\u00e7 olaca\u011f\u0131na, \u0130zmirimizin g\u00fczel insanlar\u0131n\u0131 AK Parti\u2019nin yerel y\u00f6netim vizyonu ile bulu\u015fturaca\u011f\u0131m\u0131za en g\u00fc\u00e7l\u00fc bi\u00e7imde inan\u0131yorum.&#8221; dedi. AK Parti \u0130zmir Te\u015fkilat\u0131 taraf\u0131ndan d\u00fczenlenen \u2018Ortak Ak\u0131l\u2019 program\u0131na kat\u0131lan Kasapo\u011flu, &#8220;Milletimize \u00e7eyrek as\u0131r hizmet eden, istikametini&#8230;<\/p>\n","protected":false},"author":1,"featured_media":12010,"comment_status":"open","ping_status":"open","sticky":false,"template":"","format":"standard","meta":{"_crdt_document":"","footnotes":""},"categories":[127],"tags":[],"class_list":["post-12009","post","type-post","status-publish","format-standard","has-post-thumbnail","hentry","category-siyaset"],"_links":{"self":[{"href":"https:\/\/www.egemtv.com\/index.php?rest_route=\/wp\/v2\/posts\/12009","targetHints":{"allow":["GET"]}}],"collection":[{"href":"https:\/\/www.egemtv.com\/index.php?rest_route=\/wp\/v2\/posts"}],"about":[{"href":"https:\/\/www.egemtv.com\/index.php?rest_route=\/wp\/v2\/types\/post"}],"author":[{"embeddable":true,"href":"https:\/\/www.egemtv.com\/index.php?rest_route=\/wp\/v2\/users\/1"}],"replies":[{"embeddable":true,"href":"https:\/\/www.egemtv.com\/index.php?rest_route=%2Fwp%2Fv2%2Fcomments&post=12009"}],"version-history":[{"count":1,"href":"https:\/\/www.egemtv.com\/index.php?rest_route=\/wp\/v2\/posts\/12009\/revisions"}],"predecessor-version":[{"id":12011,"href":"https:\/\/www.egemtv.com\/index.php?rest_route=\/wp\/v2\/posts\/12009\/revisions\/12011"}],"wp:featuredmedia":[{"embeddable":true,"href":"https:\/\/www.egemtv.com\/index.php?rest_route=\/wp\/v2\/media\/12010"}],"wp:attachment":[{"href":"https:\/\/www.egemtv.com\/index.php?rest_route=%2Fwp%2Fv2%2Fmedia&parent=12009"}],"wp:term":[{"taxonomy":"category","embeddable":true,"href":"https:\/\/www.egemtv.com\/index.php?rest_route=%2Fwp%2Fv2%2Fcategories&post=12009"},{"taxonomy":"post_tag","embeddable":true,"href":"https:\/\/www.egemtv.com\/index.php?rest_route=%2Fwp%2Fv2%2Ftags&post=12009"}],"curies":[{"name":"wp","href":"https:\/\/api.w.org\/{rel}","templated":true}]}}